{"id":217791,"date":"2023-09-05T23:21:48","date_gmt":"2023-09-06T02:21:48","guid":{"rendered":"https:\/\/diarioregionaldigital.com.br\/?p=217791"},"modified":"2023-09-05T23:21:48","modified_gmt":"2023-09-06T02:21:48","slug":"ministra-do-stf-mantem-quebra-dos-sigilos-de-socios-da-123-milhas","status":"publish","type":"post","link":"https:\/\/diarioregionaldigital.com.br\/?p=217791","title":{"rendered":"Ministra do STF mant\u00e9m quebra dos sigilos de s\u00f3cios da 123 milhas"},"content":{"rendered":"<p>A ministra C\u00e1rmen L\u00facia, do Supremo Tribunal Federal (STF), decidiu nesta ter\u00e7a-feira (5) manter a quebra de sigilos banc\u00e1rio e fiscal dos empres\u00e1rios Ramiro J\u00falio Soares Madureira e Augusto J\u00falio Soares Madureira, s\u00f3cios da empresa 123 Milhas.<img decoding=\"async\" src=\"https:\/\/agenciabrasil.ebc.com.br\/ebc.png?id=1553464&amp;o=node\" \/><img decoding=\"async\" src=\"https:\/\/agenciabrasil.ebc.com.br\/ebc.gif?id=1553464&amp;o=node\" \/><\/p>\n<p>A\u00a0<a href=\"https:\/\/agenciabrasil.ebc.com.br\/tags\/123milhas\" target=\"_blank\" rel=\"noopener\">quebra dos sigilos<\/a>\u00a0foi determinada pela Comiss\u00e3o Parlamentar de Inqu\u00e9rito (CPI) das Pir\u00e2mides Financeiras da C\u00e2mara dos Deputados. O colegiado come\u00e7ou a investigar o caso ap\u00f3s a empresa anunciar, no m\u00eas passado, que suspendeu a emiss\u00e3o de passagens de clientes com embarque previsto entre setembro e dezembro deste ano.<\/p>\n<p>Apesar de manter a quebra de sigilo, C\u00e1rmen L\u00facia determinou que a CPI dever\u00e1 realizar sess\u00e3o secreta para analisar os dados. As informa\u00e7\u00f5es s\u00f3 poder\u00e3o ser acessadas pelos deputados que integram a CPI.<\/p>\n<p>A ministra tamb\u00e9m confirmou decis\u00e3o anterior que manteve a convoca\u00e7\u00e3o dos empres\u00e1rios para depor na CPI. Na semana passada, eles n\u00e3o compareceram ao depoimento. Mais cedo, a Justi\u00e7a de Belo Horizonte autorizou a condu\u00e7\u00e3o coercitiva dos s\u00f3cios, que devem depor \u00e0 comiss\u00e3o amanh\u00e3 (6).<\/p>\n<p>Ap\u00f3s deixar os consumidores sem passagens a\u00e9reas, a 123 Milhas entrou em recupera\u00e7\u00e3o judicial. Segundo a empresa, a medida objetiva o &#8220;cumprimento dos compromissos assumidos com clientes, ex-colaboradores e fornecedores&#8221;.<\/p>\n<p><span style=\"font-weight: 400;\"><br \/>\n<\/span><span style=\"font-weight: 400;\">Fonte: Ag\u00eancia Brasil <\/span><\/p>\n","protected":false},"excerpt":{"rendered":"<p>A ministra C\u00e1rmen L\u00facia, do Supremo Tribunal Federal (STF), decidiu nesta ter\u00e7a-feira (5) manter a quebra de sigilos banc\u00e1rio e fiscal dos empres\u00e1rios Ramiro J\u00falio Soares Madureira e Augusto J\u00falio Soares Madureira, s\u00f3cios da empresa 123 Milhas. A\u00a0quebra dos sigilos\u00a0foi determinada pela Comiss\u00e3o Parlamentar de Inqu\u00e9rito (CPI) das Pir\u00e2mides Financeiras da C\u00e2mara dos Deputados. O [&hellip;]<\/p>\n","protected":false},"author":246,"featured_media":217792,"comment_status":"closed","ping_status":"closed","sticky":false,"template":"","format":"standard","meta":{"footnotes":""},"categories":[436,254,439],"tags":[],"class_list":["post-217791","post","type-post","status-publish","format-standard","has-post-thumbnail","hentry","category-destaque-da-semana","category-politica","category-ultima-hora"],"_links":{"self":[{"href":"https:\/\/diarioregionaldigital.com.br\/index.php?rest_route=\/wp\/v2\/posts\/217791","targetHints":{"allow":["GET"]}}],"collection":[{"href":"https:\/\/diarioregionaldigital.com.br\/index.php?rest_route=\/wp\/v2\/posts"}],"about":[{"href":"https:\/\/diarioregionaldigital.com.br\/index.php?rest_route=\/wp\/v2\/types\/post"}],"author":[{"embeddable":true,"href":"https:\/\/diarioregionaldigital.com.br\/index.php?rest_route=\/wp\/v2\/users\/246"}],"replies":[{"embeddable":true,"href":"https:\/\/diarioregionaldigital.com.br\/index.php?rest_route=%2Fwp%2Fv2%2Fcomments&post=217791"}],"version-history":[{"count":1,"href":"https:\/\/diarioregionaldigital.com.br\/index.php?rest_route=\/wp\/v2\/posts\/217791\/revisions"}],"predecessor-version":[{"id":217793,"href":"https:\/\/diarioregionaldigital.com.br\/index.php?rest_route=\/wp\/v2\/posts\/217791\/revisions\/217793"}],"wp:featuredmedia":[{"embeddable":true,"href":"https:\/\/diarioregionaldigital.com.br\/index.php?rest_route=\/wp\/v2\/media\/217792"}],"wp:attachment":[{"href":"https:\/\/diarioregionaldigital.com.br\/index.php?rest_route=%2Fwp%2Fv2%2Fmedia&parent=217791"}],"wp:term":[{"taxonomy":"category","embeddable":true,"href":"https:\/\/diarioregionaldigital.com.br\/index.php?rest_route=%2Fwp%2Fv2%2Fcategories&post=217791"},{"taxonomy":"post_tag","embeddable":true,"href":"https:\/\/diarioregionaldigital.com.br\/index.php?rest_route=%2Fwp%2Fv2%2Ftags&post=217791"}],"curies":[{"name":"wp","href":"https:\/\/api.w.org\/{rel}","templated":true}]}}