{"id":217778,"date":"2023-09-05T23:05:14","date_gmt":"2023-09-06T02:05:14","guid":{"rendered":"https:\/\/diarioregionaldigital.com.br\/?p=217778"},"modified":"2023-09-05T23:05:14","modified_gmt":"2023-09-06T02:05:14","slug":"endividamento-cai-pelo-2o-mes-seguido-mas-inadimplencia-preocupa","status":"publish","type":"post","link":"https:\/\/diarioregionaldigital.com.br\/?p=217778","title":{"rendered":"Endividamento cai pelo 2\u00ba m\u00eas seguido, mas inadimpl\u00eancia preocupa"},"content":{"rendered":"<p>O n\u00edvel de endividamento das fam\u00edlias brasileiras caiu, em agosto, pelo segundo m\u00eas consecutivo. Mas a propor\u00e7\u00e3o de pessoas com d\u00edvidas atrasadas e das que afirmam que n\u00e3o conseguir\u00e3o quitar os atrasos cresceu. \u00c9 o que mostra a Pesquisa Nacional de Endividamento e Inadimpl\u00eancia do Consumidor (Peic), elaborada pela Confedera\u00e7\u00e3o Nacional do Com\u00e9rcio de Bens, Servi\u00e7os e Turismo (CNC)\u00a0e divulgada nesta ter\u00e7a-feira (5).<img decoding=\"async\" src=\"https:\/\/agenciabrasil.ebc.com.br\/ebc.png?id=1553306&amp;o=node\" \/><img decoding=\"async\" src=\"https:\/\/agenciabrasil.ebc.com.br\/ebc.gif?id=1553306&amp;o=node\" \/><\/p>\n<p>O \u00edndice de endividamento recuou de 78,1% para 77,4%, sendo o menor desde junho de 2022. Nos \u00faltimos 12\u00a0meses, a redu\u00e7\u00e3o \u00e9 de 1,6 ponto percentual.<\/p>\n<p>\u00c9 considerada endividada a pessoa que tem compromissos a vencer, ou seja, n\u00e3o necessariamente conta j\u00e1 atrasada. As modalidades de d\u00edvidas pesquisadas s\u00e3o cart\u00e3o de cr\u00e9dito, cheque especial, carn\u00ea de loja, cr\u00e9dito consignado, empr\u00e9stimo pessoal, cheque pr\u00e9-datado, presta\u00e7\u00e3o de carro e de casa.<\/p>\n<p>Tanto no m\u00eas quanto no per\u00edodo acumulado de 12 meses, a queda no endividamento se deu em todas as faixas pesquisadas pela CNC.<\/p>\n<p>De acordo com a economista respons\u00e1vel pela Peic, Izis Ferreira, dois pontos contribuem para essa redu\u00e7\u00e3o. \u201cUm contexto mais benigno de infla\u00e7\u00e3o mais baixa em compara\u00e7\u00e3o com o ano passado e um mercado de trabalho resiliente, absorvendo pessoas de menor grau de instru\u00e7\u00e3o. Isso tem levado as pessoas a terem uma folga no or\u00e7amento, e um volume menor delas busca o cr\u00e9dito como meio para o consumo de bens e de servi\u00e7o.\u201d<\/p>\n<h2>Contas atrasadas<\/h2>\n<p>Se por um lado caiu a propor\u00e7\u00e3o de endividados, por outro cresceu a dos inadimplentes, ou seja, pessoas com contas atrasadas. Essa marca chegou em agosto a 30%, igualando o resultado de dezembro de 2022.<\/p>\n<p>\u201cEstamos falando de um consumidor [por exemplo] que tem dois, tr\u00eas cart\u00f5es de cr\u00e9dito e um cr\u00e9dito pessoal ou consignado, um financiamento. Com mais modalidades de d\u00edvida, est\u00e1 dif\u00edcil de esse consumidor conseguir pagar todas dentro do prazo de vencimento\u201d, avalia a economista.<\/p>\n<p>Outro fator preocupante no levantamento \u00e9 o n\u00edvel de consumidores que afirmam que n\u00e3o v\u00e3o conseguir pagar as contas atrasadas, ou seja, continuar\u00e3o inadimplentes. A propor\u00e7\u00e3o de 12,7% \u00e9 a maior da s\u00e9rie hist\u00f3rica iniciada em janeiro de 2010. Essa situa\u00e7\u00e3o atinge principalmente as pessoas com renda de at\u00e9 tr\u00eas sal\u00e1rios m\u00ednimos.<\/p>\n<blockquote><p>\u201cIsso mostra que, mesmo com uma infla\u00e7\u00e3o trazendo uma tr\u00e9gua para esse or\u00e7amento dom\u00e9stico, ainda \u00e9 um desafio conseguir negociar ou pagar uma d\u00edvida que est\u00e1 atrasada h\u00e1 mais tempo e que sofre mais com esses juros altos, que aumentam o custo da d\u00edvida e acabam tornando o valor muito significativo, e essa fam\u00edlia n\u00e3o consegue pagar\u201d, explica Izis.<\/p><\/blockquote>\n<h2>Cart\u00e3o de cr\u00e9dito<\/h2>\n<p>Os dados da CNC mostram que o cart\u00e3o de cr\u00e9dito \u00e9 o vil\u00e3o do or\u00e7amento das fam\u00edlias brasileiras de forma disparada. A propor\u00e7\u00e3o de consumidores endividados com o cart\u00e3o \u00e9 de 85,5%. Em seguida, as principais modalidades de d\u00edvidas s\u00e3o os carn\u00eas (17,1%), cr\u00e9dito pessoal (9,2%), e os financiamentos de carro (7,9%) e casa (7,5%).<\/p>\n<p>A Peic revela tamb\u00e9m que o tempo m\u00e9dio de comprometimento com d\u00edvidas \u00e9 de 6,9 meses. O tempo m\u00e9dio de pagamento em atraso \u00e9 de 63 dias. A parcela da renda comprometida com d\u00edvida \u00e9 29,9%.<\/p>\n<p>A CNC estima que a propor\u00e7\u00e3o de endividados amplie o ritmo de queda nos pr\u00f3ximos meses, aproximando-se de 77% entre setembro e outubro. Por\u00e9m, prev\u00ea que o endividamento deve voltar a crescer na reta final do ano, encerrando 2023 perto de 78% do total de fam\u00edlias.<\/p>\n<p><span style=\"font-weight: 400;\">Fonte: Ag\u00eancia Brasil <\/span><\/p>\n","protected":false},"excerpt":{"rendered":"<p>O n\u00edvel de endividamento das fam\u00edlias brasileiras caiu, em agosto, pelo segundo m\u00eas consecutivo. Mas a propor\u00e7\u00e3o de pessoas com d\u00edvidas atrasadas e das que afirmam que n\u00e3o conseguir\u00e3o quitar os atrasos cresceu. \u00c9 o que mostra a Pesquisa Nacional de Endividamento e Inadimpl\u00eancia do Consumidor (Peic), elaborada pela Confedera\u00e7\u00e3o Nacional do Com\u00e9rcio de Bens, [&hellip;]<\/p>\n","protected":false},"author":246,"featured_media":217779,"comment_status":"closed","ping_status":"closed","sticky":false,"template":"","format":"standard","meta":{"footnotes":""},"categories":[436,261,439],"tags":[],"class_list":["post-217778","post","type-post","status-publish","format-standard","has-post-thumbnail","hentry","category-destaque-da-semana","category-economia","category-ultima-hora"],"_links":{"self":[{"href":"https:\/\/diarioregionaldigital.com.br\/index.php?rest_route=\/wp\/v2\/posts\/217778","targetHints":{"allow":["GET"]}}],"collection":[{"href":"https:\/\/diarioregionaldigital.com.br\/index.php?rest_route=\/wp\/v2\/posts"}],"about":[{"href":"https:\/\/diarioregionaldigital.com.br\/index.php?rest_route=\/wp\/v2\/types\/post"}],"author":[{"embeddable":true,"href":"https:\/\/diarioregionaldigital.com.br\/index.php?rest_route=\/wp\/v2\/users\/246"}],"replies":[{"embeddable":true,"href":"https:\/\/diarioregionaldigital.com.br\/index.php?rest_route=%2Fwp%2Fv2%2Fcomments&post=217778"}],"version-history":[{"count":1,"href":"https:\/\/diarioregionaldigital.com.br\/index.php?rest_route=\/wp\/v2\/posts\/217778\/revisions"}],"predecessor-version":[{"id":217780,"href":"https:\/\/diarioregionaldigital.com.br\/index.php?rest_route=\/wp\/v2\/posts\/217778\/revisions\/217780"}],"wp:featuredmedia":[{"embeddable":true,"href":"https:\/\/diarioregionaldigital.com.br\/index.php?rest_route=\/wp\/v2\/media\/217779"}],"wp:attachment":[{"href":"https:\/\/diarioregionaldigital.com.br\/index.php?rest_route=%2Fwp%2Fv2%2Fmedia&parent=217778"}],"wp:term":[{"taxonomy":"category","embeddable":true,"href":"https:\/\/diarioregionaldigital.com.br\/index.php?rest_route=%2Fwp%2Fv2%2Fcategories&post=217778"},{"taxonomy":"post_tag","embeddable":true,"href":"https:\/\/diarioregionaldigital.com.br\/index.php?rest_route=%2Fwp%2Fv2%2Ftags&post=217778"}],"curies":[{"name":"wp","href":"https:\/\/api.w.org\/{rel}","templated":true}]}}