{"id":217767,"date":"2023-09-05T01:05:26","date_gmt":"2023-09-05T04:05:26","guid":{"rendered":"https:\/\/diarioregionaldigital.com.br\/?p=217767"},"modified":"2023-09-05T01:05:26","modified_gmt":"2023-09-05T04:05:26","slug":"pjf-atende-bairu-e-outros-16-bairros-com-operacao-tapa-buracos-nesta-segunda-feira-4","status":"publish","type":"post","link":"https:\/\/diarioregionaldigital.com.br\/?p=217767","title":{"rendered":"PJF atende Bairu e outros 16 bairros com opera\u00e7\u00e3o tapa-buracos nesta segunda-feira, 4"},"content":{"rendered":"<p>Segundo informa\u00e7\u00f5es do site da Prefeitura de Juiz de Fora (PJF), a PJF continua realizando a\u00e7\u00f5es da opera\u00e7\u00e3o tapa-buracos em diversos pontos da cidade. Apenas nesta segunda-feira, 4, cerca de 27 vias, em 17 bairros, foram atendidas. Entre elas est\u00e3o as ruas Professor Francisco Faria, no Bairu, Jo\u00e3o Garcia Couri, no Eldorado, e Jo\u00e3o Lustosa, no Nossa Senhora de Lourdes.<\/p>\n<p>O servi\u00e7o, executado pelas equipes da Empresa Municipal de Pavimenta\u00e7\u00e3o e Urbanidades (Empav), garante mais tranquilidade, conforto e seguran\u00e7a para o tr\u00e2nsito de motoristas e pedestres nas vias da cidade.<\/p>\n<p><strong>Confira a lista completa de bairros atendidos no dia:<\/strong><\/p>\n<p>Alto dos Pinheiros<\/p>\n<p>Ara\u00fajo<\/p>\n<p>Bairu<\/p>\n<p>Cascatinha<\/p>\n<p>Centro<\/p>\n<p>Eldorado<\/p>\n<p>Graja\u00fa<\/p>\n<p>Granjas Primavera<\/p>\n<p>Monte Castelo<\/p>\n<p>Nossa Senhora das Gra\u00e7as<\/p>\n<p>Nossa Senhora de Lourdes<\/p>\n<p>Nova Benfica<\/p>\n<p>Retiro<\/p>\n<p>S\u00e3o Mateus<\/p>\n<p>S\u00e3o Pedro<\/p>\n<p>Teixeiras<\/p>\n<p>Vitorino Braga<\/p>\n<p>As a\u00e7\u00f5es seguem em andamento na cidade e a programa\u00e7\u00e3o di\u00e1ria completa pode ser conferida na p\u00e1gina do Gabinete de A\u00e7\u00e3o e Di\u00e1logo Comunit\u00e1rio atrav\u00e9s do<a href=\"https:\/\/www.pjf.mg.gov.br\/gabinetecomunitario\/#onde\">\u00a0<strong>link<\/strong><\/a>. Para solicitar servi\u00e7os de zeladoria em vias p\u00fablicas, como tapa-buracos, poda e corte de \u00e1rvores, limpeza de pra\u00e7as e outros, entre em contato com o Gabinete de A\u00e7\u00e3o e Di\u00e1logo Comunit\u00e1rio, atrav\u00e9s do telefone (32) 3690-7241 (liga\u00e7\u00e3o ou WhatsApp).<\/p>\n","protected":false},"excerpt":{"rendered":"<p>Segundo informa\u00e7\u00f5es do site da Prefeitura de Juiz de Fora (PJF), a PJF continua realizando a\u00e7\u00f5es da opera\u00e7\u00e3o tapa-buracos em diversos pontos da cidade. Apenas nesta segunda-feira, 4, cerca de 27 vias, em 17 bairros, foram atendidas. Entre elas est\u00e3o as ruas Professor Francisco Faria, no Bairu, Jo\u00e3o Garcia Couri, no Eldorado, e Jo\u00e3o Lustosa, [&hellip;]<\/p>\n","protected":false},"author":246,"featured_media":217768,"comment_status":"closed","ping_status":"closed","sticky":false,"template":"","format":"standard","meta":{"footnotes":""},"categories":[253,436,439],"tags":[],"class_list":["post-217767","post","type-post","status-publish","format-standard","has-post-thumbnail","hentry","category-cidade","category-destaque-da-semana","category-ultima-hora"],"_links":{"self":[{"href":"https:\/\/diarioregionaldigital.com.br\/index.php?rest_route=\/wp\/v2\/posts\/217767","targetHints":{"allow":["GET"]}}],"collection":[{"href":"https:\/\/diarioregionaldigital.com.br\/index.php?rest_route=\/wp\/v2\/posts"}],"about":[{"href":"https:\/\/diarioregionaldigital.com.br\/index.php?rest_route=\/wp\/v2\/types\/post"}],"author":[{"embeddable":true,"href":"https:\/\/diarioregionaldigital.com.br\/index.php?rest_route=\/wp\/v2\/users\/246"}],"replies":[{"embeddable":true,"href":"https:\/\/diarioregionaldigital.com.br\/index.php?rest_route=%2Fwp%2Fv2%2Fcomments&post=217767"}],"version-history":[{"count":1,"href":"https:\/\/diarioregionaldigital.com.br\/index.php?rest_route=\/wp\/v2\/posts\/217767\/revisions"}],"predecessor-version":[{"id":217769,"href":"https:\/\/diarioregionaldigital.com.br\/index.php?rest_route=\/wp\/v2\/posts\/217767\/revisions\/217769"}],"wp:featuredmedia":[{"embeddable":true,"href":"https:\/\/diarioregionaldigital.com.br\/index.php?rest_route=\/wp\/v2\/media\/217768"}],"wp:attachment":[{"href":"https:\/\/diarioregionaldigital.com.br\/index.php?rest_route=%2Fwp%2Fv2%2Fmedia&parent=217767"}],"wp:term":[{"taxonomy":"category","embeddable":true,"href":"https:\/\/diarioregionaldigital.com.br\/index.php?rest_route=%2Fwp%2Fv2%2Fcategories&post=217767"},{"taxonomy":"post_tag","embeddable":true,"href":"https:\/\/diarioregionaldigital.com.br\/index.php?rest_route=%2Fwp%2Fv2%2Ftags&post=217767"}],"curies":[{"name":"wp","href":"https:\/\/api.w.org\/{rel}","templated":true}]}}