{"id":217761,"date":"2023-09-05T01:00:21","date_gmt":"2023-09-05T04:00:21","guid":{"rendered":"https:\/\/diarioregionaldigital.com.br\/?p=217761"},"modified":"2023-09-05T01:00:21","modified_gmt":"2023-09-05T04:00:21","slug":"torneio-leiteiro-das-campeas-pjf-disponibiliza-onibus-extra-de-diversas-regioes-para-o-estadio-municipal","status":"publish","type":"post","link":"https:\/\/diarioregionaldigital.com.br\/?p=217761","title":{"rendered":"Torneio Leiteiro das Campe\u00e3s: PJF disponibiliza \u00f4nibus extra de diversas regi\u00f5es para o Est\u00e1dio Municipal"},"content":{"rendered":"<p>Segundo informa\u00e7\u00f5es do site da Prefeitura de Juiz de Fora (PJF), para que o p\u00fablico tenha acesso facilitado ao <a href=\"https:\/\/www.pjf.mg.gov.br\/noticias\/view.php?modo=link2&amp;idnoticia2=80916\"><strong>Torneio Leiteiro das Campe\u00e3s<\/strong><\/a>, que ser\u00e1 realizado pela Prefeitura de Juiz de Fora (PJF) entre os dias 7 e 10 de setembro, no estacionamento do Est\u00e1dio Municipal Radialista M\u00e1rio Hel\u00eanio, a Secretaria de Mobilidade Urbana (SMU) est\u00e1 disponibilizando \u00f4nibus extra partindo de v\u00e1rios locais da Zona Rural al\u00e9m dos bairros Linhares, Filgueiras e Centro.<br \/>\nOs \u00f4nibus seguem de suas origens para o evento no est\u00e1dio, gerando oportunidade para todo o p\u00fablico que frequenta os torneios leiteiros possa participar da programa\u00e7\u00e3o final. O valor da passagem \u00e9 de R$3,75 por trecho. No Centro, o local de partida do ponto da linha especial 517 \u2013 Est\u00e1dio ser\u00e1 na Avenida Pres. Itamar Franco, 992, em frente ao Procon. Dois \u00f4nibus circulam sem parar entre 8h e 4h da madrugada na quinta-feira, 7, na sexta-feira, 8, e no s\u00e1bado, 9. J\u00e1 no domingo, a circula\u00e7\u00e3o dos carros ser\u00e1 das 8h \u00e0 meia-noite.<br \/>\n<strong>Confira abaixo os hor\u00e1rios de cada itiner\u00e1rio:<\/strong><\/p>\n<p><strong>Sarandira e Caet\u00e9<\/strong><\/p>\n<p><strong>Dia 7, quinta-feira:<\/strong><\/p>\n<p>19h &#8211; Faz. Independ\u00eancia, Sarandira, Passo da P\u00e1tria, Caet\u00e9 e Est\u00e1dio.<\/p>\n<p>1h \u2013 Est\u00e1dio, Caet\u00e9, Passo da P\u00e1tria, Sarandira e Fazenda Independ\u00eancia.<\/p>\n<p>&nbsp;<\/p>\n<p><strong>Dia 8, sexta-feira:<\/strong><\/p>\n<p>19h &#8211; Faz. Independ\u00eancia, Sarandira, Passo da P\u00e1tria, Caet\u00e9 e Est\u00e1dio.<\/p>\n<p>3h \u2013 Est\u00e1dio, Caet\u00e9, Passo da P\u00e1tria, Sarandira e Faz. Independ\u00eancia.<\/p>\n<p><strong>Dia 9, s\u00e1bado:<\/strong><\/p>\n<p>6h &#8211; Faz. Independ\u00eancia, Sarandira, Passo da P\u00e1tria, Caet\u00e9 e Est\u00e1dio.<\/p>\n<p>12h30 &#8211; Est\u00e1dio, Caet\u00e9, Passo da P\u00e1tria, Sarandira, Faz. Independ\u00eancia.<\/p>\n<p>19h &#8211; Faz. Independ\u00eancia, Sarandira, Passo da P\u00e1tria, Caet\u00e9 e Est\u00e1dio.<\/p>\n<p>3h \u2013 Est\u00e1dio, Caet\u00e9, Passo da P\u00e1tria, Sarandira e Faz. Independ\u00eancia.<\/p>\n<p>&nbsp;<\/p>\n<p><strong>Dia 10, domingo:<\/strong><\/p>\n<p>14h &#8211; Faz. Independ\u00eancia, Sarandira, Passo da P\u00e1tria, Caet\u00e9 e Est\u00e1dio.<\/p>\n<p>Ap\u00f3s o t\u00e9rmino do \u00faltimo show: Est\u00e1dio, Caet\u00e9, Passo da P\u00e1tria, Sarandira e Faz. Independ\u00eancia.<\/p>\n<p>&nbsp;<\/p>\n<p><strong>Santana, Buiei\u00e9, Ros\u00e1rio e Penido:<\/strong><\/p>\n<p><strong>Dia 7, quinta-feira:<\/strong><\/p>\n<p>19h &#8211; Santana, Buiei\u00e9, Ros\u00e1rio, Penido e Est\u00e1dio.<\/p>\n<p>1h &#8211; Est\u00e1dio, Penido, Ros\u00e1rio, Buiei\u00e9 e Santana.<\/p>\n<p>&nbsp;<\/p>\n<p><strong>Dia 8, sexta-feira:<\/strong><\/p>\n<p>19h &#8211; Santana, Buiei\u00e9, Ros\u00e1rio, Penido e Est\u00e1dio.<\/p>\n<p>3h &#8211; Est\u00e1dio, Penido, Ros\u00e1rio, Buiei\u00e9 e Santana.<\/p>\n<p>&nbsp;<\/p>\n<p><strong>Dia 9, s\u00e1bado:<\/strong><\/p>\n<p>6h &#8211; Santana, Buiei\u00e9, Ros\u00e1rio, Penido e Est\u00e1dio.<\/p>\n<p>12h30 &#8211; Est\u00e1dio, Penido, Ros\u00e1rio, Buiei\u00e9 e Santana.<\/p>\n<p>19h &#8211; Santana, Buiei\u00e9, Ros\u00e1rio, Penido e Est\u00e1dio.<\/p>\n<p>3h &#8211; Est\u00e1dio, Penido, Ros\u00e1rio, Buiei\u00e9 e Santana.<\/p>\n<p>&nbsp;<\/p>\n<p><strong>Dia 10, domingo:<\/strong><\/p>\n<p>14h &#8211; Santana, Buiei\u00e9, Ros\u00e1rio, Penido e Est\u00e1dio.<\/p>\n<p>Ap\u00f3s o t\u00e9rmino do \u00faltimo show: Est\u00e1dio, Penido, Ros\u00e1rio, Buiei\u00e9 e Santana<\/p>\n<p>&nbsp;<\/p>\n<p><strong>Palmital, Valadares e Toledos:<\/strong><\/p>\n<p><strong>Dia 7, quinta-feira:<\/strong><\/p>\n<p>19h &#8211; Palmital, Valadares, Toledos e Est\u00e1dio.<\/p>\n<p>1h &#8211; Est\u00e1dio, Toledos, Valadares e Palmital.<\/p>\n<p>&nbsp;<\/p>\n<p><strong>Dia 8, sexta-feira:<\/strong><\/p>\n<p>19h &#8211; Palmital, Valadares, Toledos e Est\u00e1dio.<\/p>\n<p>3h &#8211; Est\u00e1dio, Toledos, Valadares e Palmital.<\/p>\n<p>&nbsp;<\/p>\n<p><strong>Dia 9, s\u00e1bado:<\/strong><\/p>\n<p>6h &#8211; Palmital, Valadares, Toledos e Est\u00e1dio.<\/p>\n<p>12h30 &#8211; Est\u00e1dio, Toledos, Valadares e Palmital.<\/p>\n<p>19h &#8211; Palmital, Valadares Toledos e Est\u00e1dio.<\/p>\n<p>3h &#8211; Est\u00e1dio, Toledos, Valadares e Palmital.<\/p>\n<p>&nbsp;<\/p>\n<p><strong>Dia 10, domingo:<\/strong><\/p>\n<p>14h &#8211; Palmital, Valadares, Toledos e Est\u00e1dio.<\/p>\n<p>Ap\u00f3s o t\u00e9rmino do \u00faltimo show: Est\u00e1dio, Toledos, Valadares, Palmital.<\/p>\n<p>&nbsp;<\/p>\n<p><strong>Granjeamento Humait\u00e1, Humait\u00e1 e Igrejinha<\/strong><\/p>\n<p><strong>Dia 7, quinta-feira:<\/strong><\/p>\n<p>19h &#8211; Granjeamento Humait\u00e1, Humait\u00e1, Igrejinha e Est\u00e1dio.<\/p>\n<p>1h &#8211; Est\u00e1dio, Igrejinha, Humait\u00e1 e Granjeamento Humait\u00e1.<\/p>\n<p>&nbsp;<\/p>\n<p><strong>Dia 8, sexta-feira:<\/strong><\/p>\n<p>19h &#8211; Granjeamento Humait\u00e1, Humait\u00e1, Igrejinha e Est\u00e1dio.<\/p>\n<p>3h &#8211; Est\u00e1dio, Igrejinha, Humait\u00e1 e Granjeamento Humait\u00e1.<\/p>\n<p>&nbsp;<\/p>\n<p><strong>Dia 9, s\u00e1bado:<\/strong><\/p>\n<p>6h &#8211; Granjeamento Humait\u00e1, Humait\u00e1, Igrejinha e Est\u00e1dio.<\/p>\n<p>12h30 \u2013 Est\u00e1dio, Igrejinha, Humait\u00e1 e Granjeamento Humait\u00e1.<\/p>\n<p>19h &#8211; Granjeamento Humait\u00e1, Humait\u00e1, Igrejinha e Est\u00e1dio.<\/p>\n<p>Igrejinha, Humait\u00e1 e Granjeamento Humait\u00e1.<\/p>\n<p>&nbsp;<\/p>\n<p><strong>Dia 10, domingo:<\/strong><\/p>\n<p>14h &#8211; Granjeamento Humait\u00e1, Humait\u00e1, Igrejinha e Est\u00e1dio.<\/p>\n<p>Ap\u00f3s o t\u00e9rmino do \u00faltimo show: Est\u00e1dio, Igrejinha, Humait\u00e1 e Granjeamento Humait\u00e1.<\/p>\n<p>&nbsp;<\/p>\n<p><strong>Ponte Estrela, Torre\u00f5es, Via Lagoa<\/strong><\/p>\n<p><strong>Dia 7, quinta-feira:<\/strong><\/p>\n<p>19h &#8211; Ponte Estrela, Estrada de Pirapetinga, Torre\u00f5es, Fund\u00e3o, Estrada da Lagoa e Est\u00e1dio.<\/p>\n<p>1h &#8211; Est\u00e1dio, Estr. da Lagoa, Fund\u00e3o, Torre\u00f5es, Estr. de Pirapetinga e Ponte Estrela.<\/p>\n<p>&nbsp;<\/p>\n<p><strong>Dia 8, sexta-feira:<\/strong><\/p>\n<p>19h &#8211; Ponte Estrela, Estr. Pirapetinga, Torre\u00f5es, Fund\u00e3o, Estrada da Lagoa e Est\u00e1dio.<\/p>\n<p>3h &#8211; Est\u00e1dio, Estrada da Lagoa, Fund\u00e3o, Torre\u00f5es, Estr. Pirapetinga e Ponte Estrela.<\/p>\n<p>&nbsp;<\/p>\n<p><strong>Dia 9, s\u00e1bado:<\/strong><\/p>\n<p>6h &#8211; Ponte Estrela, Estr. Pirapetinga, Torre\u00f5es, Fund\u00e3o, Estr. Lagoa e Est\u00e1dio.<\/p>\n<p>12h30 &#8211; Est\u00e1dio, Estr. da Lagoa, Fund\u00e3o, Torre\u00f5es, Estr. de Pirapetinga e Ponte Estrela.<\/p>\n<p>19h &#8211; Ponte Estrela, Estr. de Pirapetinga, Torre\u00f5es, Fund\u00e3o, Estr. da Lagoa e Est\u00e1dio.<\/p>\n<p>3h &#8211; Est\u00e1dio, Estrada da Lagoa, Fund\u00e3o, Torre\u00f5es, Estr. Pirapetinga e Ponte Estrela.<\/p>\n<p>&nbsp;<\/p>\n<p><strong>Dia 10, domingo:<\/strong><\/p>\n<p>14h &#8211; Ponte Estrela, Estr. de Pirapetinga, Torre\u00f5es, Fund\u00e3o, Estr. da Lagoa e Est\u00e1dio.<\/p>\n<p>Ap\u00f3s o t\u00e9rmino do \u00faltimo show: Est\u00e1dio, Estrada da Lagoa, Fund\u00e3o, Torre\u00f5es, Estrada de Pirapetinga e Ponte Estrela.<\/p>\n<p>&nbsp;<\/p>\n<p><strong>Pedra Negra, Galp\u00e3o, Pe\u00f5es, Jacutinga e Torre\u00f5es<\/strong><\/p>\n<p><strong>Dia 7, quinta-feira:<\/strong><\/p>\n<p>19h &#8211; Pedra Negra, Galp\u00e3o, Pe\u00f5es, Jacutinga, Torre\u00f5es, Entroncamento e Est\u00e1dio.<\/p>\n<p>1h &#8211; Est\u00e1dio, Entroncamento, Torre\u00f5es, Pedra Negra, Galp\u00e3o, Pe\u00f5es e Jacutinga.<\/p>\n<p>&nbsp;<\/p>\n<p><strong>Dia 8, sexta-feira:<\/strong><\/p>\n<p>19h &#8211; Pedra Negra, Galp\u00e3o, Pe\u00f5es, Jacutinga, Torre\u00f5es, Entroncamento e Est\u00e1dio.<\/p>\n<p>3h &#8211; Est\u00e1dio, Entroncamento, Torre\u00f5es, Pedra Negra, Galp\u00e3o, Pe\u00f5es e Jacutinga.<\/p>\n<p>&nbsp;<\/p>\n<p><strong>Dia 9, s\u00e1bado:<\/strong><\/p>\n<p>6h &#8211; Pedra Negra, Galp\u00e3o, Pe\u00f5es, Jacutinga, Torre\u00f5es, Entroncamento e Est\u00e1dio.<\/p>\n<p>12h30 &#8211; Est\u00e1dio, Entroncamento, Torre\u00f5es, Pedra Negra, Galp\u00e3o, Pe\u00f5es e Jacutinga.<\/p>\n<p>19h &#8211; Pedra Negra, Galp\u00e3o, Pe\u00f5es, Jacutinga, Torre\u00f5es, Entroncamento e Est\u00e1dio.<\/p>\n<p>3h &#8211; Est\u00e1dio, Entroncamento, Torre\u00f5es, Pedra Negra, Galp\u00e3o, Pe\u00f5es e Jacutinga.<\/p>\n<p>&nbsp;<\/p>\n<p><strong>Dia 10, domingo:<\/strong><\/p>\n<p>14h &#8211; Pedra Negra, Galp\u00e3o, Pe\u00f5es, Jacutinga, Torre\u00f5es, Entroncamento e Est\u00e1dio.<\/p>\n<p>Ap\u00f3s o t\u00e9rmino do \u00faltimo show: Est\u00e1dio, Entroncamento, Torre\u00f5es, Pedra Negra, Galp\u00e3o, Pe\u00f5es e Jacutinga.<\/p>\n<p>&nbsp;<\/p>\n<p><strong>Angolinha, Privil\u00e9gio, Grot\u00e3o, Pires e Monte Verde<\/strong><\/p>\n<p><strong>Dia 7, quinta-feira:<\/strong><\/p>\n<p>19h &#8211; Angolinha, Privil\u00e9gio (divisa), Grot\u00e3o, Pires, Monte Verde e Est\u00e1dio.<\/p>\n<p>1h &#8211; Est\u00e1dio, Monte Verde, Pires, Grot\u00e3o, Privil\u00e9gio (divisa) e Angolinha.<\/p>\n<p><strong>Dia 8, sexta-feira:<\/strong><\/p>\n<p>19h &#8211; Angolinha, Privil\u00e9gio (divisa), Grot\u00e3o, Pires, Monte Verde e Est\u00e1dio.<\/p>\n<p>3h &#8211; Est\u00e1dio, Monte Verde, Pires, Grot\u00e3o, Privil\u00e9gio (divisa) e Angolinha.<\/p>\n<p>&nbsp;<\/p>\n<p><strong>Dia 9, s\u00e1bado:<\/strong><\/p>\n<p>6h &#8211; Angolinha, Privil\u00e9gio (divisa), Grot\u00e3o, Pires, Monte Verde e Est\u00e1dio.<\/p>\n<p>12h30 &#8211; Est\u00e1dio, Monte Verde, Pires, Grot\u00e3o, Privil\u00e9gio (divisa) e Angolinha.<\/p>\n<p>19h &#8211; Angolinha, Privil\u00e9gio (divisa), Grot\u00e3o, Pires, Monte Verde e Est\u00e1dio.<\/p>\n<p>3h &#8211; Est\u00e1dio, Monte Verde, Pires, Grot\u00e3o, Privil\u00e9gio (divisa) e Angolinha.<\/p>\n<p>&nbsp;<\/p>\n<p><strong>Dia 10, domingo:<\/strong><\/p>\n<p>14h &#8211; Angolinha, Privil\u00e9gio (divisa), Grot\u00e3o, Pires, Monte Verde e Est\u00e1dio.<\/p>\n<p>Ap\u00f3s o t\u00e9rmino do \u00faltimo show: Est\u00e1dio, Monte Verde, Pires, Grot\u00e3o, Privil\u00e9gio (divisa) e Angolinha.<\/p>\n<p>&nbsp;<\/p>\n<p><strong>Varginha, Chap\u00e9u D\u2019Uvas e Paula Lima<\/strong><\/p>\n<p><strong>Dia 7, quinta-feira:<\/strong><\/p>\n<p>19h \u2013 Varginha, Chap\u00e9u D\u2019Uvas, Paula Lima e Est\u00e1dio.<\/p>\n<p>1h &#8211; Est\u00e1dio, Varginha, Paula Lima e Chap\u00e9u D\u2019Uvas.<\/p>\n<p>&nbsp;<\/p>\n<p><strong>Dia 8, sexta-feira:<\/strong><\/p>\n<p>19h &#8211; Varginha, Chap\u00e9u D\u2019Uvas, Paula Lima e Est\u00e1dio.<\/p>\n<p>3h &#8211; Est\u00e1dio, Varginha, Paula Lima e Chap\u00e9u D\u2019Uvas.<\/p>\n<p>&nbsp;<\/p>\n<p><strong>Dia 9, s\u00e1bado:<\/strong><\/p>\n<p>6h -Varginha, Chap\u00e9u D\u2019Uvas, Paula Lima e Est\u00e1dio.<\/p>\n<p>12h30 \u2013 Est\u00e1dio, Varginha, Lima e Chap\u00e9u D\u2019Uvas.<\/p>\n<p>19h \u2013 Varginha, Chap\u00e9u D\u2019Uvas, Paula Lima e Est\u00e1dio.<\/p>\n<p>3h &#8211; Est\u00e1dio, Varginha, Paula Lima e Chap\u00e9u D\u2019Uvas.<\/p>\n<p>&nbsp;<\/p>\n<p><strong>Dia 10, domingo:<\/strong><\/p>\n<p>14h &#8211; Varginha, Chap\u00e9u D\u2019Uvas, Paula Lima e Est\u00e1dio.<\/p>\n<p>Ap\u00f3s o t\u00e9rmino do \u00faltimo show: Est\u00e1dio, Varginha, Paula Lima e Chap\u00e9u D\u2019Uvas.<\/p>\n<p>&nbsp;<\/p>\n<p><strong>Pedra Branca, S\u00edtio da Ana, N\u00e1utico<\/strong><\/p>\n<p><strong>Dia 7, quinta-feira:<\/strong><\/p>\n<p>19h &#8211; Pedra Branca, \u201cS\u00edtio da Ana\u201d, N\u00e1utico e Est\u00e1dio.<\/p>\n<p>1h \u2013 Est\u00e1dio, N\u00e1utico, \u201cS\u00edtio da Ana\u201d e Pedra Branca.<\/p>\n<p>&nbsp;<\/p>\n<p><strong>Dia 8, sexta-feira:<\/strong><\/p>\n<p>19h &#8211; Pedra Branca, \u201cS\u00edtio da Ana\u201d, N\u00e1utico e Est\u00e1dio.<\/p>\n<p>3h &#8211; Est\u00e1dio, N\u00e1utico, \u201cS\u00edtio da Ana\u201d e Pedra Branca.<\/p>\n<p>&nbsp;<\/p>\n<p><strong>Dia 9, s\u00e1bado:<\/strong><\/p>\n<p>6h &#8211; Pedra Branca, \u201cS\u00edtio da Ana\u201d, N\u00e1utico e Est\u00e1dio.<\/p>\n<p>12h30 &#8211; Est\u00e1dio, N\u00e1utico, \u201cS\u00edtio da Ana\u201d e Pedra Branca.<\/p>\n<p>19h &#8211; Pedra Branca, \u201cS\u00edtio da Ana\u201d, N\u00e1utico e Est\u00e1dio.<\/p>\n<p>3h &#8211; Est\u00e1dio, N\u00e1utico, \u201cS\u00edtio da Ana\u201d e Pedra Branca.<\/p>\n<p><strong>Dia 10, domingo:<\/strong><\/p>\n<p>14h &#8211; Pedra Branca, \u201cS\u00edtio da Ana\u201d, N\u00e1utico e Est\u00e1dio.<\/p>\n<p>Ap\u00f3s o t\u00e9rmino do \u00faltimo show: Est\u00e1dio, N\u00e1utico, S\u00edtio da Ana e Pedra Branca.<\/p>\n<p>&nbsp;<\/p>\n<p><strong>Filgueiras<\/strong><\/p>\n<p><strong>Dia 7, quinta-feira:<\/strong><\/p>\n<p>19h &#8211; Filgueiras e Est\u00e1dio.<\/p>\n<p>1h &#8211; Est\u00e1dio e Filgueiras.<\/p>\n<p>&nbsp;<\/p>\n<p><strong>Dia 8, sexta-feira:<\/strong><\/p>\n<p>19h &#8211; Filgueiras e Est\u00e1dio.<\/p>\n<p>3h &#8211; Est\u00e1dio e Filgueiras.<\/p>\n<p><strong>Dia 9, s\u00e1bado:<\/strong><\/p>\n<p>7h &#8211; Filgueiras e Est\u00e1dio.<\/p>\n<p>12h30 \u2013 Est\u00e1dio e Filgueiras.<\/p>\n<p>19h &#8211; Filgueiras e Est\u00e1dio.<\/p>\n<p>3h &#8211; Est\u00e1dio e Filgueiras<\/p>\n<p><strong>Dia 10, domingo:<\/strong><\/p>\n<p>14h &#8211; Filgueiras e Est\u00e1dio.<\/p>\n<p>Ap\u00f3s o t\u00e9rmino do \u00faltimo show: Est\u00e1dio e Filgueiras.<\/p>\n<p>&nbsp;<\/p>\n<p><strong>Linhares<\/strong><\/p>\n<p><strong>Dia 7, quinta-feira:<\/strong><\/p>\n<p>19h &#8211; Vila Almeida, Linhares e Est\u00e1dio.<\/p>\n<p>1h \u2013 Est\u00e1dio, Linhares e Vila Almeida.<\/p>\n<p>&nbsp;<\/p>\n<p><strong>Dia 8, sexta-feira:<\/strong><\/p>\n<p>19h &#8211; Vila Almeida, Linhares e Est\u00e1dio.<\/p>\n<p>3h \u2013 Est\u00e1dio, Linhares e Vila Almeida.<\/p>\n<p>&nbsp;<\/p>\n<p><strong>Dia 9, s\u00e1bado:<\/strong><\/p>\n<p>7h &#8211; Vila Almeida, Linhares e Est\u00e1dio..<\/p>\n<p>12h30 \u2013 Est\u00e1dio, Linhares e Vila Almeida.<\/p>\n<p>19h &#8211; Vila Almeida, Linhares e Est\u00e1dio.<\/p>\n<p>3h \u2013 Est\u00e1dio, Linhares e Vila Almeida.<\/p>\n<p>&nbsp;<\/p>\n<p><strong>Dia 10, domingo:<\/strong><\/p>\n<p>14h &#8211; Vila Almeida, Linhares e Est\u00e1dio.<\/p>\n<p>Ap\u00f3s o t\u00e9rmino do \u00faltimo show: Est\u00e1dio, Linhares e Vila Almeida<\/p>\n","protected":false},"excerpt":{"rendered":"<p>Segundo informa\u00e7\u00f5es do site da Prefeitura de Juiz de Fora (PJF), para que o p\u00fablico tenha acesso facilitado ao Torneio Leiteiro das Campe\u00e3s, que ser\u00e1 realizado pela Prefeitura de Juiz de Fora (PJF) entre os dias 7 e 10 de setembro, no estacionamento do Est\u00e1dio Municipal Radialista M\u00e1rio Hel\u00eanio, a Secretaria de Mobilidade Urbana (SMU) [&hellip;]<\/p>\n","protected":false},"author":246,"featured_media":217762,"comment_status":"closed","ping_status":"closed","sticky":false,"template":"","format":"standard","meta":{"footnotes":""},"categories":[253,436,439],"tags":[],"class_list":["post-217761","post","type-post","status-publish","format-standard","has-post-thumbnail","hentry","category-cidade","category-destaque-da-semana","category-ultima-hora"],"_links":{"self":[{"href":"https:\/\/diarioregionaldigital.com.br\/index.php?rest_route=\/wp\/v2\/posts\/217761","targetHints":{"allow":["GET"]}}],"collection":[{"href":"https:\/\/diarioregionaldigital.com.br\/index.php?rest_route=\/wp\/v2\/posts"}],"about":[{"href":"https:\/\/diarioregionaldigital.com.br\/index.php?rest_route=\/wp\/v2\/types\/post"}],"author":[{"embeddable":true,"href":"https:\/\/diarioregionaldigital.com.br\/index.php?rest_route=\/wp\/v2\/users\/246"}],"replies":[{"embeddable":true,"href":"https:\/\/diarioregionaldigital.com.br\/index.php?rest_route=%2Fwp%2Fv2%2Fcomments&post=217761"}],"version-history":[{"count":1,"href":"https:\/\/diarioregionaldigital.com.br\/index.php?rest_route=\/wp\/v2\/posts\/217761\/revisions"}],"predecessor-version":[{"id":217763,"href":"https:\/\/diarioregionaldigital.com.br\/index.php?rest_route=\/wp\/v2\/posts\/217761\/revisions\/217763"}],"wp:featuredmedia":[{"embeddable":true,"href":"https:\/\/diarioregionaldigital.com.br\/index.php?rest_route=\/wp\/v2\/media\/217762"}],"wp:attachment":[{"href":"https:\/\/diarioregionaldigital.com.br\/index.php?rest_route=%2Fwp%2Fv2%2Fmedia&parent=217761"}],"wp:term":[{"taxonomy":"category","embeddable":true,"href":"https:\/\/diarioregionaldigital.com.br\/index.php?rest_route=%2Fwp%2Fv2%2Fcategories&post=217761"},{"taxonomy":"post_tag","embeddable":true,"href":"https:\/\/diarioregionaldigital.com.br\/index.php?rest_route=%2Fwp%2Fv2%2Ftags&post=217761"}],"curies":[{"name":"wp","href":"https:\/\/api.w.org\/{rel}","templated":true}]}}