{"id":217758,"date":"2023-09-05T00:51:25","date_gmt":"2023-09-05T03:51:25","guid":{"rendered":"https:\/\/diarioregionaldigital.com.br\/?p=217758"},"modified":"2023-09-05T00:51:25","modified_gmt":"2023-09-05T03:51:25","slug":"juiz-de-fora-registra-agosto-mais-chuvoso-dos-ultimos-37-anos","status":"publish","type":"post","link":"https:\/\/diarioregionaldigital.com.br\/?p=217758","title":{"rendered":"Juiz de Fora registra agosto mais chuvoso dos \u00faltimos 37 anos"},"content":{"rendered":"<p>Segundo informa\u00e7\u00f5es do site da Prefeitura de Juiz de Fora (PJF), em 2023, Juiz de Fora vivenciou o m\u00eas de agosto mais chuvoso dos \u00faltimos 37 anos. Segundo dados da Esta\u00e7\u00e3o Meteorol\u00f3gica do Instituto Nacional de Meteorologia (Inmet), foram registrados 69,2 mil\u00edmetros de chuva. O \u00faltimo registro de chuvas t\u00e3o significativo em agosto ocorreu em 1986, quando o\u00a0 Inmet registrou um volume de 77,2 mil\u00edmetros de chuva no m\u00eas.<\/p>\n<p>Segundo a normal climatol\u00f3gica (1991 &#8211; 2020) do Inmet, historicamente o segundo m\u00eas que apresenta o menor volume de chuva (18,5mm). Ao todo foram quatro frentes frias associadas a massas de ar polar de moderada a alta intensidade que se deslocaram pelo litoral da regi\u00e3o sudeste do pa\u00eds e que influenciaram as chuvas e temperaturas registradas na cidade.<\/p>\n<p>O per\u00edodo chuvoso na regi\u00e3o sudeste do Brasil ocorre entre os meses de outubro a mar\u00e7o. Por\u00e9m, as primeiras pancadas de chuva costumam acontecer na segunda quinzena de setembro, evidenciando o decl\u00ednio da esta\u00e7\u00e3o seca. Como explica Eduardo Oliveira, ge\u00f3grafo e supervisor de mapeamento e monitoriza\u00e7\u00e3o de riscos da Defesa Civil, a chuva fora de \u00e9poca em agosto ocorreu devido \u00e0 ampla oscila\u00e7\u00e3o das condi\u00e7\u00f5es meteorol\u00f3gicas, com altern\u00e2ncias de atua\u00e7\u00e3o de massas de ar frias e quentes. \u201cEstamos sobre a atua\u00e7\u00e3o do fen\u00f4meno clim\u00e1tico El Ni\u00f1o de forte intensidade, que tende a provocar condi\u00e7\u00f5es mais extremas. Isso proporcionou a ocorr\u00eancia de chuvas mais severas e com volumes mais significativos, como a ocorr\u00eancia de granizo em algumas regi\u00f5es da cidade, no dia 20 de agosto\u201d, afirma.<\/p>\n<p><strong>A\u00e7\u00f5es da Defesa Civil em Agosto<\/strong><\/p>\n<p>Para prevenir os impactos do per\u00edodo chuvoso que se aproxima, a Defesa Civil da Prefeitura de Juiz de Fora (PJF) vem atuando\u00a0 na produ\u00e7\u00e3o de medidas preventivas. Neste m\u00eas, quase 70% das vistorias t\u00e9cnicas realizadas pela Defesa Civil foram de car\u00e1ter preventivo. Ao todo foram realizadas 109 vistorias no m\u00eas.<\/p>\n<p>Em agosto, a Defesa Civil participou do primeiro Workshop \u201cBoas Pr\u00e1ticas para Ades\u00e3o das Comunidades aos Exerc\u00edcios Simulados com Barragens\u201d, promovido pela Coordenadoria Estadual de Defesa Civil (Cedec) realizado em Itabira (MG). O objetivo foi apresentar o Programa \u201cCidades Conscientes\u201d, a\u00e7\u00e3o preventiva que visa preparar a comunidade e os \u00f3rg\u00e3os p\u00fablicos para atuar em ocorr\u00eancias de rompimentos de barragens.<\/p>\n<p>Al\u00e9m disso, a equipe da Defesa Civil realizou palestras e oficinas em Escolas em comemora\u00e7\u00e3o \u00e0 Semana Estadual de Combate\u00a0\u00e0s Inunda\u00e7\u00f5es; participou nos Exerc\u00edcios Simulados da Empresa Nexa em Benfica e Igrejinha; concluiu as vistorias preventivas nas Unidades de Sa\u00fade de Juiz de Fora; atualizou o Plano de Conting\u00eancia de Desastres Geol\u00f3gicos e Hidrol\u00f3gicos; deu in\u00edcio a capacita\u00e7\u00e3o de volunt\u00e1rios do Nupdec no bairro Igrejinha; al\u00e9m de ter finalizado o m\u00eas com a comemora\u00e7\u00e3o do dia do voluntariado e entrega de certificados aos novos volunt\u00e1rios da Defesa Civil.<\/p>\n","protected":false},"excerpt":{"rendered":"<p>Segundo informa\u00e7\u00f5es do site da Prefeitura de Juiz de Fora (PJF), em 2023, Juiz de Fora vivenciou o m\u00eas de agosto mais chuvoso dos \u00faltimos 37 anos. Segundo dados da Esta\u00e7\u00e3o Meteorol\u00f3gica do Instituto Nacional de Meteorologia (Inmet), foram registrados 69,2 mil\u00edmetros de chuva. O \u00faltimo registro de chuvas t\u00e3o significativo em agosto ocorreu em [&hellip;]<\/p>\n","protected":false},"author":246,"featured_media":217759,"comment_status":"closed","ping_status":"closed","sticky":false,"template":"","format":"standard","meta":{"footnotes":""},"categories":[253,436,440,439],"tags":[],"class_list":["post-217758","post","type-post","status-publish","format-standard","has-post-thumbnail","hentry","category-cidade","category-destaque-da-semana","category-destaques-do-dia","category-ultima-hora"],"_links":{"self":[{"href":"https:\/\/diarioregionaldigital.com.br\/index.php?rest_route=\/wp\/v2\/posts\/217758","targetHints":{"allow":["GET"]}}],"collection":[{"href":"https:\/\/diarioregionaldigital.com.br\/index.php?rest_route=\/wp\/v2\/posts"}],"about":[{"href":"https:\/\/diarioregionaldigital.com.br\/index.php?rest_route=\/wp\/v2\/types\/post"}],"author":[{"embeddable":true,"href":"https:\/\/diarioregionaldigital.com.br\/index.php?rest_route=\/wp\/v2\/users\/246"}],"replies":[{"embeddable":true,"href":"https:\/\/diarioregionaldigital.com.br\/index.php?rest_route=%2Fwp%2Fv2%2Fcomments&post=217758"}],"version-history":[{"count":1,"href":"https:\/\/diarioregionaldigital.com.br\/index.php?rest_route=\/wp\/v2\/posts\/217758\/revisions"}],"predecessor-version":[{"id":217760,"href":"https:\/\/diarioregionaldigital.com.br\/index.php?rest_route=\/wp\/v2\/posts\/217758\/revisions\/217760"}],"wp:featuredmedia":[{"embeddable":true,"href":"https:\/\/diarioregionaldigital.com.br\/index.php?rest_route=\/wp\/v2\/media\/217759"}],"wp:attachment":[{"href":"https:\/\/diarioregionaldigital.com.br\/index.php?rest_route=%2Fwp%2Fv2%2Fmedia&parent=217758"}],"wp:term":[{"taxonomy":"category","embeddable":true,"href":"https:\/\/diarioregionaldigital.com.br\/index.php?rest_route=%2Fwp%2Fv2%2Fcategories&post=217758"},{"taxonomy":"post_tag","embeddable":true,"href":"https:\/\/diarioregionaldigital.com.br\/index.php?rest_route=%2Fwp%2Fv2%2Ftags&post=217758"}],"curies":[{"name":"wp","href":"https:\/\/api.w.org\/{rel}","templated":true}]}}