{"id":217749,"date":"2023-09-05T00:38:26","date_gmt":"2023-09-05T03:38:26","guid":{"rendered":"https:\/\/diarioregionaldigital.com.br\/?p=217749"},"modified":"2023-09-05T00:38:26","modified_gmt":"2023-09-05T03:38:26","slug":"fim-de-semana-tem-primeiros-campeoes-nos-jogos-da-juventude-em-sp","status":"publish","type":"post","link":"https:\/\/diarioregionaldigital.com.br\/?p=217749","title":{"rendered":"Fim de semana tem primeiros campe\u00f5es nos Jogos da Juventude em SP"},"content":{"rendered":"<p>Os Jogos da Juventude de 2023, em Ribeir\u00e3o Preto (SP), come\u00e7aram para valer neste fim de semana. Depois da abertura na sexta\u00a0(1\u00ba), os primeiros campe\u00f5es foram surgindo\u00a0e chamando a aten\u00e7\u00e3o com suas hist\u00f3rias. A competi\u00e7\u00e3o vai at\u00e9 16 de setembro, com transmiss\u00e3o ao vivo da\u00a0<a href=\"https:\/\/tvbrasil.ebc.com.br\/\"><strong>TV Brasil\u00a0<\/strong><\/a>(confira abaixo a programa\u00e7\u00e3o desta semana).<img decoding=\"async\" src=\"https:\/\/agenciabrasil.ebc.com.br\/ebc.png?id=1552960&amp;o=node\" \/><img decoding=\"async\" src=\"https:\/\/agenciabrasil.ebc.com.br\/ebc.gif?id=1552960&amp;o=node\" \/><\/p>\n<p>No s\u00e1bado (2), o paranaense Nicolas Gabriel dos Santos, de 16 anos, conquistou o ouro de forma surpreendente na categoria at\u00e9 100 quilos do wrestling. O resultado foi destaque por dois motivos: Nicolas iniciou no esporte h\u00e1 apenas um ano e, al\u00e9m disso, competiu descal\u00e7o contra advers\u00e1rios mais bem equipados.<\/p>\n<p>&#8220;Eu at\u00e9 tentei conseguir uma sapatilha, mas cal\u00e7o 45 e n\u00e3o teve tempo. Pedimos para um monte de gente, mas no Brasil n\u00e3o tinha, precisava encomendar de fora para usar nos Jogos&#8221;, disse o atleta, em declara\u00e7\u00e3o dada ao Comit\u00ea Ol\u00edmpico Brasileiro (COB). Foi apenas a segunda competi\u00e7\u00e3o de Nicolas no wrestling.<\/p>\n<p>J\u00e1 na marcha atl\u00e9tica, que estreou no programa dos Jogos em 2023, dois atletas tiveram a honra de serem pioneiros na vit\u00f3ria. Maria Luiza Jaime, do Paran\u00e1 (3.000 metros\/feminino) e Davi Gabriel da Silva da Silva, do Esp\u00edrito Santo (5.000 metros\/masculino) foram os primeiros campe\u00f5es da hist\u00f3ria da modalidade nos Jogos.<\/p>\n<p>&#8220;Fiquei muito emocionada quando soube que iria ter a marcha nesse meu \u00faltimo ano com idade para os Jogos da Juventude. Sempre quis viver esse momento de estar aqui com a delega\u00e7\u00e3o do Paran\u00e1. Na cerim\u00f4nia de abertura, chorei\u201d, disse Maria Luiza Jaime ao COB.<\/p>\n<p>Ao fim do primeiro dia completo de disputas, o quadro de medalhas dos Jogos teve Santa Catarina no topo, com quatro ouros e 11 p\u00f3dios no total, seguido por Paran\u00e1 e Esp\u00edrito Santo, com tr\u00eas ouros cada (Paran\u00e1 teve um bronze a mais, tr\u00eas contra dois, totalizando sete p\u00f3dios).<\/p>\n<h2>Transmiss\u00e3o na TV Brasil<\/h2>\n<p><strong>Segunda-feira (4)\u00a0<\/strong><\/p>\n<p>10h &#8211; provas de atletismo, modalidade que inclui corridas rasas, corridas com barreiras, revezamento misto, saltos, arremessos, lan\u00e7amentos e combinadas.<\/p>\n<p><strong>Quarta (6)<\/strong><\/p>\n<p>16h &#8211; competi\u00e7\u00e3o de jud\u00f4 (categorias super ligeiro, ligeiro, meio-leve, leve, meio-m\u00e9dio, m\u00e9dio, meio-pesado e pesado)<\/p>\n<p><strong>Quinta (7)<\/strong><\/p>\n<p>14h &#8211;\u00a0competi\u00e7\u00f5es de gin\u00e1stica art\u00edstica e jud\u00f4<\/p>\n<p><strong>Sexta (8)<\/strong><\/p>\n<p>10h\u00a0 e 14h &#8211; competi\u00e7\u00e3o de gin\u00e1stica art\u00edstica (disputas por equipes, individual geral e por aparelhos)<\/p>\n<p><span style=\"font-weight: 400;\">Fonte: Ag\u00eancia Brasil <\/span><\/p>\n","protected":false},"excerpt":{"rendered":"<p>Os Jogos da Juventude de 2023, em Ribeir\u00e3o Preto (SP), come\u00e7aram para valer neste fim de semana. Depois da abertura na sexta\u00a0(1\u00ba), os primeiros campe\u00f5es foram surgindo\u00a0e chamando a aten\u00e7\u00e3o com suas hist\u00f3rias. A competi\u00e7\u00e3o vai at\u00e9 16 de setembro, com transmiss\u00e3o ao vivo da\u00a0TV Brasil\u00a0(confira abaixo a programa\u00e7\u00e3o desta semana). No s\u00e1bado (2), o [&hellip;]<\/p>\n","protected":false},"author":246,"featured_media":217750,"comment_status":"closed","ping_status":"closed","sticky":false,"template":"","format":"standard","meta":{"footnotes":""},"categories":[436,257,439],"tags":[],"class_list":["post-217749","post","type-post","status-publish","format-standard","has-post-thumbnail","hentry","category-destaque-da-semana","category-esporte","category-ultima-hora"],"_links":{"self":[{"href":"https:\/\/diarioregionaldigital.com.br\/index.php?rest_route=\/wp\/v2\/posts\/217749","targetHints":{"allow":["GET"]}}],"collection":[{"href":"https:\/\/diarioregionaldigital.com.br\/index.php?rest_route=\/wp\/v2\/posts"}],"about":[{"href":"https:\/\/diarioregionaldigital.com.br\/index.php?rest_route=\/wp\/v2\/types\/post"}],"author":[{"embeddable":true,"href":"https:\/\/diarioregionaldigital.com.br\/index.php?rest_route=\/wp\/v2\/users\/246"}],"replies":[{"embeddable":true,"href":"https:\/\/diarioregionaldigital.com.br\/index.php?rest_route=%2Fwp%2Fv2%2Fcomments&post=217749"}],"version-history":[{"count":1,"href":"https:\/\/diarioregionaldigital.com.br\/index.php?rest_route=\/wp\/v2\/posts\/217749\/revisions"}],"predecessor-version":[{"id":217751,"href":"https:\/\/diarioregionaldigital.com.br\/index.php?rest_route=\/wp\/v2\/posts\/217749\/revisions\/217751"}],"wp:featuredmedia":[{"embeddable":true,"href":"https:\/\/diarioregionaldigital.com.br\/index.php?rest_route=\/wp\/v2\/media\/217750"}],"wp:attachment":[{"href":"https:\/\/diarioregionaldigital.com.br\/index.php?rest_route=%2Fwp%2Fv2%2Fmedia&parent=217749"}],"wp:term":[{"taxonomy":"category","embeddable":true,"href":"https:\/\/diarioregionaldigital.com.br\/index.php?rest_route=%2Fwp%2Fv2%2Fcategories&post=217749"},{"taxonomy":"post_tag","embeddable":true,"href":"https:\/\/diarioregionaldigital.com.br\/index.php?rest_route=%2Fwp%2Fv2%2Ftags&post=217749"}],"curies":[{"name":"wp","href":"https:\/\/api.w.org\/{rel}","templated":true}]}}