{"id":217722,"date":"2023-09-05T00:08:11","date_gmt":"2023-09-05T03:08:11","guid":{"rendered":"https:\/\/diarioregionaldigital.com.br\/?p=217722"},"modified":"2023-09-05T00:08:11","modified_gmt":"2023-09-05T03:08:11","slug":"bndes-e-cepal-assinam-parceria-para-desenvolvimento-de-pesquisas","status":"publish","type":"post","link":"https:\/\/diarioregionaldigital.com.br\/?p=217722","title":{"rendered":"BNDES e Cepal assinam parceria para desenvolvimento de pesquisas"},"content":{"rendered":"<p>O presidente do\u00a0Banco Nacional de Desenvolvimento Econ\u00f4mico e Social (BNDES), Aloizio Mercadante, assinou\u00a0nesta segunda-feira (4), no Chile,\u00a0um memorando de entendimento junto com o secret\u00e1rio-executivo da Comiss\u00e3o Econ\u00f4mica para a Am\u00e9rica Latina e o Caribe (Cepal), Jos\u00e9 Manuel Salazar-Xirinachs, para\u00a0forma\u00e7\u00e3o de\u00a0parceria t\u00e9cnica para desenvolvimento de pesquisas e publica\u00e7\u00e3o de trabalhos conjuntos. A assinatura ocorreu durante evento comemorativo dos 75 anos da Cepal.<img decoding=\"async\" src=\"https:\/\/agenciabrasil.ebc.com.br\/ebc.png?id=1553159&amp;o=node\" \/><img decoding=\"async\" src=\"https:\/\/agenciabrasil.ebc.com.br\/ebc.gif?id=1553159&amp;o=node\" \/><\/p>\n<p>Na\u00a0ocasi\u00e3o, Mercadante anunciou\u00a0o projeto de cria\u00e7\u00e3o de um centro de forma\u00e7\u00e3o para gestores p\u00fablicos brasileiros e latino-americanos.<\/p>\n<p>\u201cA\u00a0Am\u00e9rica Latina precisa buscar mais intera\u00e7\u00f5es entre os pa\u00edses do Sul global, como temos feito, por exemplo, no Brasil, na pol\u00edtica externa do presidente Lula, em fortalecer e ampliar os BRICS. Acho que esse novo cen\u00e1rio de mudan\u00e7a geopol\u00edtica, junto com uma mudan\u00e7a do padr\u00e3o tecnol\u00f3gico numa ind\u00fastria 4.0 e da crise clim\u00e1tica, abre um espa\u00e7o para a Am\u00e9rica Latina se reposicionar\u201d,\u00a0avaliou.<\/p>\n<p>Para a coordena\u00e7\u00e3o das atividades de coopera\u00e7\u00e3o, o documento institui o Grupo de Trabalho (GT) BNDES CEPAL +70, com o intuito de pesquisar temas-chave de interesse das duas institui\u00e7\u00f5es, como a constru\u00e7\u00e3o de novos modelos de desenvolvimento com sustentabilidade, aliando a transi\u00e7\u00e3o de baixo carbono com produtividade e inclus\u00e3o; o impulsionamento \u00e0 industrializa\u00e7\u00e3o e novas pol\u00edticas para o desenvolvimento produtivo, baseada na transi\u00e7\u00e3o ecol\u00f3gica e na transforma\u00e7\u00e3o digital; a reinser\u00e7\u00e3o das economias brasileira,\u00a0latino-americanas\u00a0e do Caribe nas cadeias globais de valor, al\u00e9m do fortalecimento da integra\u00e7\u00e3o regional e a promo\u00e7\u00e3o da igualdade social, de g\u00eanero, racial, \u00e9tnica, entre outras.<\/p>\n<p><span style=\"font-weight: 400;\">Fonte: Ag\u00eancia Brasil <\/span><\/p>\n","protected":false},"excerpt":{"rendered":"<p>O presidente do\u00a0Banco Nacional de Desenvolvimento Econ\u00f4mico e Social (BNDES), Aloizio Mercadante, assinou\u00a0nesta segunda-feira (4), no Chile,\u00a0um memorando de entendimento junto com o secret\u00e1rio-executivo da Comiss\u00e3o Econ\u00f4mica para a Am\u00e9rica Latina e o Caribe (Cepal), Jos\u00e9 Manuel Salazar-Xirinachs, para\u00a0forma\u00e7\u00e3o de\u00a0parceria t\u00e9cnica para desenvolvimento de pesquisas e publica\u00e7\u00e3o de trabalhos conjuntos. A assinatura ocorreu durante evento [&hellip;]<\/p>\n","protected":false},"author":246,"featured_media":217723,"comment_status":"closed","ping_status":"closed","sticky":false,"template":"","format":"standard","meta":{"footnotes":""},"categories":[436,440,261,439],"tags":[],"class_list":["post-217722","post","type-post","status-publish","format-standard","has-post-thumbnail","hentry","category-destaque-da-semana","category-destaques-do-dia","category-economia","category-ultima-hora"],"_links":{"self":[{"href":"https:\/\/diarioregionaldigital.com.br\/index.php?rest_route=\/wp\/v2\/posts\/217722","targetHints":{"allow":["GET"]}}],"collection":[{"href":"https:\/\/diarioregionaldigital.com.br\/index.php?rest_route=\/wp\/v2\/posts"}],"about":[{"href":"https:\/\/diarioregionaldigital.com.br\/index.php?rest_route=\/wp\/v2\/types\/post"}],"author":[{"embeddable":true,"href":"https:\/\/diarioregionaldigital.com.br\/index.php?rest_route=\/wp\/v2\/users\/246"}],"replies":[{"embeddable":true,"href":"https:\/\/diarioregionaldigital.com.br\/index.php?rest_route=%2Fwp%2Fv2%2Fcomments&post=217722"}],"version-history":[{"count":1,"href":"https:\/\/diarioregionaldigital.com.br\/index.php?rest_route=\/wp\/v2\/posts\/217722\/revisions"}],"predecessor-version":[{"id":217724,"href":"https:\/\/diarioregionaldigital.com.br\/index.php?rest_route=\/wp\/v2\/posts\/217722\/revisions\/217724"}],"wp:featuredmedia":[{"embeddable":true,"href":"https:\/\/diarioregionaldigital.com.br\/index.php?rest_route=\/wp\/v2\/media\/217723"}],"wp:attachment":[{"href":"https:\/\/diarioregionaldigital.com.br\/index.php?rest_route=%2Fwp%2Fv2%2Fmedia&parent=217722"}],"wp:term":[{"taxonomy":"category","embeddable":true,"href":"https:\/\/diarioregionaldigital.com.br\/index.php?rest_route=%2Fwp%2Fv2%2Fcategories&post=217722"},{"taxonomy":"post_tag","embeddable":true,"href":"https:\/\/diarioregionaldigital.com.br\/index.php?rest_route=%2Fwp%2Fv2%2Ftags&post=217722"}],"curies":[{"name":"wp","href":"https:\/\/api.w.org\/{rel}","templated":true}]}}