{"id":217718,"date":"2023-09-03T06:00:55","date_gmt":"2023-09-03T09:00:55","guid":{"rendered":"https:\/\/diarioregionaldigital.com.br\/?p=217718"},"modified":"2023-09-02T05:40:33","modified_gmt":"2023-09-02T08:40:33","slug":"ainda-a-inteligencia-artificial","status":"publish","type":"post","link":"https:\/\/diarioregionaldigital.com.br\/?p=217718","title":{"rendered":"Ainda a Intelig\u00eancia Artificial"},"content":{"rendered":"<p>Conviver com a atriz Fernanda Montenegro \u00e9 um privil\u00e9gio. Numa das sess\u00f5es da Academia Brasileira de Letras, dela ouvi essas s\u00e1bias palavras: \u201cEducar n\u00e3o \u00e9 s\u00f3 ensinar a ler e a escrever: \u00e9 tamb\u00e9m ensinar a pensar e sentir o mundo de outras formas\u201d.<\/p>\n<p>Lembrei do seu pensamento ao realizar a confer\u00eancia na Confedera\u00e7\u00e3o Nacional do Com\u00e9rcio de Bens, Servi\u00e7os e Turismo, no seu Conselho de Not\u00e1veis. Falei sobre a presen\u00e7a da educa\u00e7\u00e3o na Intelig\u00eancia Artificial e citei os riscos das verdadeiras alucina\u00e7\u00f5es provocadas pelos cultores da ideia. Tive uma acurada resposta nas perguntas depois formuladas pelos Conselheiros, a partir do pr\u00f3prio Coordenador Bernardo Cabral, que lembrou os bons tempos do conv\u00edvio com Ernani Galv\u00eaas inclusive no Conselho Superior do CIEE do Rio de Janeiro. \u201cFalamos muito sobre est\u00e1gios e aprendizagem.\u201d<\/p>\n<p>Depois foi a vez de Nelson Mello de Souza: \u201cA IA \u00e9 um passo acima da Rob\u00f3tica, mas pode ser tamb\u00e9m nossa grande inimiga. Com a sua vinda, proponho a elabora\u00e7\u00e3o de um pacto social para a educa\u00e7\u00e3o, com as reformula\u00e7\u00f5es necess\u00e1rias.\u201d<\/p>\n<p>Asp\u00e1sia Camargo revelou estar obcecada\u00a0 pela IA, mas perguntou se h\u00e1 limites para o seu crescimento. O que est\u00e1 nos incomodando n\u00e3o \u00e9 a IA, mas o problema moral e \u00e9tico, como lidar com o bem e o mal. \u201cH\u00e1 como controlar as puls\u00f5es humanas?\u201d \u2013 perguntou ela.<\/p>\n<p>Olga Simbalista disse ter certeza de que a IA nos \u00a0chegou via\u00a0 cinema. Ela provocar\u00e1 o aperfei\u00e7oamento dos professores e especialistas.<\/p>\n<p>A historiadora Mary Del Priori confirmou que o n\u00famero de mulheres nas ci\u00eancias exatas est\u00e1 aumentando, \u201capesar do sexo feminino n\u00e3o lidar bem com as quest\u00f5es tecnol\u00f3gicas\u201d. Jos\u00e9 Botafogo Gon\u00e7alves manifestou-se otimista com o progresso cient\u00edfico e tecnol\u00f3gico e Rubens Cysne disse que a ci\u00eancia costuma sempre ser um pouco \u201carrogante\u201d: \u201c\u00c9 preciso saber utilizar os dados para chegar a uma boa educa\u00e7\u00e3o personalizada.\u201d Arno Wehling acredita que o ser humano vai dominar a tecnologia e Marcos Azambuja acha que, no futuro, a IA \u00a0vai desaparecer e vir\u00e1 coisa melhor. Por fim, Marcos Faver revelou sua preocupa\u00e7\u00e3o com o que se chamar\u00e1 de juiz de garantias: \u201cTenho receio dessa inova\u00e7\u00e3o.\u201d<\/p>\n","protected":false},"excerpt":{"rendered":"<p>Conviver com a atriz Fernanda Montenegro \u00e9 um privil\u00e9gio. Numa das sess\u00f5es da Academia Brasileira de Letras, dela ouvi essas s\u00e1bias palavras: \u201cEducar n\u00e3o \u00e9 s\u00f3 ensinar a ler e a escrever: \u00e9 tamb\u00e9m ensinar a pensar e sentir o mundo de outras formas\u201d. Lembrei do seu pensamento ao realizar a confer\u00eancia na Confedera\u00e7\u00e3o Nacional [&hellip;]<\/p>\n","protected":false},"author":96,"featured_media":0,"comment_status":"closed","ping_status":"closed","sticky":false,"template":"","format":"standard","meta":{"footnotes":""},"categories":[275],"tags":[],"class_list":["post-217718","post","type-post","status-publish","format-standard","hentry","category-arnaldo-niskier"],"_links":{"self":[{"href":"https:\/\/diarioregionaldigital.com.br\/index.php?rest_route=\/wp\/v2\/posts\/217718","targetHints":{"allow":["GET"]}}],"collection":[{"href":"https:\/\/diarioregionaldigital.com.br\/index.php?rest_route=\/wp\/v2\/posts"}],"about":[{"href":"https:\/\/diarioregionaldigital.com.br\/index.php?rest_route=\/wp\/v2\/types\/post"}],"author":[{"embeddable":true,"href":"https:\/\/diarioregionaldigital.com.br\/index.php?rest_route=\/wp\/v2\/users\/96"}],"replies":[{"embeddable":true,"href":"https:\/\/diarioregionaldigital.com.br\/index.php?rest_route=%2Fwp%2Fv2%2Fcomments&post=217718"}],"version-history":[{"count":2,"href":"https:\/\/diarioregionaldigital.com.br\/index.php?rest_route=\/wp\/v2\/posts\/217718\/revisions"}],"predecessor-version":[{"id":217720,"href":"https:\/\/diarioregionaldigital.com.br\/index.php?rest_route=\/wp\/v2\/posts\/217718\/revisions\/217720"}],"wp:attachment":[{"href":"https:\/\/diarioregionaldigital.com.br\/index.php?rest_route=%2Fwp%2Fv2%2Fmedia&parent=217718"}],"wp:term":[{"taxonomy":"category","embeddable":true,"href":"https:\/\/diarioregionaldigital.com.br\/index.php?rest_route=%2Fwp%2Fv2%2Fcategories&post=217718"},{"taxonomy":"post_tag","embeddable":true,"href":"https:\/\/diarioregionaldigital.com.br\/index.php?rest_route=%2Fwp%2Fv2%2Ftags&post=217718"}],"curies":[{"name":"wp","href":"https:\/\/api.w.org\/{rel}","templated":true}]}}