{"id":217709,"date":"2023-09-02T00:19:05","date_gmt":"2023-09-02T03:19:05","guid":{"rendered":"https:\/\/diarioregionaldigital.com.br\/?p=217709"},"modified":"2023-09-02T00:19:05","modified_gmt":"2023-09-02T03:19:05","slug":"yoga-no-parque-acontece-no-parque-municipal-no-domingo-3","status":"publish","type":"post","link":"https:\/\/diarioregionaldigital.com.br\/?p=217709","title":{"rendered":"Yoga no Parque acontece no Parque Municipal no domingo, 3"},"content":{"rendered":"<p>Segundo informa\u00e7\u00f5es do site da Prefeitura de Juiz de Fora (PJF), o\u00a0Parque Municipal recebe no domingo, 3, a primeira edi\u00e7\u00e3o de setembro do Yoga no Parque. A pr\u00e1tica acontece sempre aos primeiros e terceiros domingos de cada m\u00eas, sendo aberta a toda popula\u00e7\u00e3o, gratuita e sem necessidade de inscri\u00e7\u00e3o.<\/p>\n<p>A aula deste domingo ser\u00e1 realizada com a professora Luiza Freesz, com com novo hor\u00e1rio mantido, \u00e0s 10h, no bosque, um local de natureza e tranquilidade, ideal para a pr\u00e1tica. O encontro do p\u00fablico ser\u00e1 na Pra\u00e7a Central, \u00e0s 9h50. O objetivo \u00e9 propiciar benef\u00edcios \u00e0 sa\u00fade, com uma pr\u00e1tica que envolve o bem-estar em todos os n\u00edveis: mental, f\u00edsico, emocional e espiritual. \u00c9 importante lembrar de trazer colchonete, canga ou toalha, j\u00e1 que as atividades s\u00e3o realizadas em local aberto.<\/p>\n<p>Professores e professoras de yoga que queiram se voluntariar para ministrar aulas no Parque Municipal podem entrar em contato pelo e-mail parquemunicipaljf@gmail.com, ou pelo instagram @parquemunicipaljf.<\/p>\n<p>O Parque Municipal est\u00e1 localizado na Rua do Contorno, 8, no bairro Nova Calif\u00f3rnia, e funciona das 8h \u00e0s 17h, permitindo a entrada de visitantes at\u00e9 \u00e0s 16h. Para quem precisa do transporte p\u00fablico, as linhas que atendem o Parque s\u00e3o 520 (Aeroporto), 531 (Nova Calif\u00f3rnia) e 537 (Jardim da Serra), todos descritos no letreiro com \u201cVia Parque Municipal\u201d.<\/p>\n<p>Outras Informa\u00e7\u00f5es:<\/p>\n<p>(32) 3241-6532<\/p>\n<p>Instagram: @parquemunicipaljf<\/p>\n<p>&nbsp;<\/p>\n<p>&nbsp;<\/p>\n<p>&nbsp;<\/p>\n","protected":false},"excerpt":{"rendered":"<p>Segundo informa\u00e7\u00f5es do site da Prefeitura de Juiz de Fora (PJF), o\u00a0Parque Municipal recebe no domingo, 3, a primeira edi\u00e7\u00e3o de setembro do Yoga no Parque. A pr\u00e1tica acontece sempre aos primeiros e terceiros domingos de cada m\u00eas, sendo aberta a toda popula\u00e7\u00e3o, gratuita e sem necessidade de inscri\u00e7\u00e3o. A aula deste domingo ser\u00e1 realizada [&hellip;]<\/p>\n","protected":false},"author":246,"featured_media":217710,"comment_status":"closed","ping_status":"closed","sticky":false,"template":"","format":"standard","meta":{"footnotes":""},"categories":[253,436,439],"tags":[],"class_list":["post-217709","post","type-post","status-publish","format-standard","has-post-thumbnail","hentry","category-cidade","category-destaque-da-semana","category-ultima-hora"],"_links":{"self":[{"href":"https:\/\/diarioregionaldigital.com.br\/index.php?rest_route=\/wp\/v2\/posts\/217709","targetHints":{"allow":["GET"]}}],"collection":[{"href":"https:\/\/diarioregionaldigital.com.br\/index.php?rest_route=\/wp\/v2\/posts"}],"about":[{"href":"https:\/\/diarioregionaldigital.com.br\/index.php?rest_route=\/wp\/v2\/types\/post"}],"author":[{"embeddable":true,"href":"https:\/\/diarioregionaldigital.com.br\/index.php?rest_route=\/wp\/v2\/users\/246"}],"replies":[{"embeddable":true,"href":"https:\/\/diarioregionaldigital.com.br\/index.php?rest_route=%2Fwp%2Fv2%2Fcomments&post=217709"}],"version-history":[{"count":1,"href":"https:\/\/diarioregionaldigital.com.br\/index.php?rest_route=\/wp\/v2\/posts\/217709\/revisions"}],"predecessor-version":[{"id":217711,"href":"https:\/\/diarioregionaldigital.com.br\/index.php?rest_route=\/wp\/v2\/posts\/217709\/revisions\/217711"}],"wp:featuredmedia":[{"embeddable":true,"href":"https:\/\/diarioregionaldigital.com.br\/index.php?rest_route=\/wp\/v2\/media\/217710"}],"wp:attachment":[{"href":"https:\/\/diarioregionaldigital.com.br\/index.php?rest_route=%2Fwp%2Fv2%2Fmedia&parent=217709"}],"wp:term":[{"taxonomy":"category","embeddable":true,"href":"https:\/\/diarioregionaldigital.com.br\/index.php?rest_route=%2Fwp%2Fv2%2Fcategories&post=217709"},{"taxonomy":"post_tag","embeddable":true,"href":"https:\/\/diarioregionaldigital.com.br\/index.php?rest_route=%2Fwp%2Fv2%2Ftags&post=217709"}],"curies":[{"name":"wp","href":"https:\/\/api.w.org\/{rel}","templated":true}]}}