{"id":217700,"date":"2023-09-01T23:45:57","date_gmt":"2023-09-02T02:45:57","guid":{"rendered":"https:\/\/diarioregionaldigital.com.br\/?p=217700"},"modified":"2023-09-01T23:45:57","modified_gmt":"2023-09-02T02:45:57","slug":"trf-mantem-suspensa-operacao-de-mineradora-na-serra-do-curral-em-mg","status":"publish","type":"post","link":"https:\/\/diarioregionaldigital.com.br\/?p=217700","title":{"rendered":"TRF mant\u00e9m suspensa opera\u00e7\u00e3o de mineradora na Serra do Curral, em MG"},"content":{"rendered":"<p>A mineradora Tamisa permanece impedida de operar\u00a0na Serra do Cural, regi\u00e3o que \u00e9 um cart\u00e3o postal de Belo Horizonte. Nesta semana, o\u00a0Tribunal Regional Federal da 6\u00aa Regi\u00e3o (TRF-6) manteve, por 3 votos a 1, a suspens\u00e3o das licen\u00e7as para atividades da empresa, em uma a\u00e7\u00e3o movida pelo Minist\u00e9rio P\u00fablico Federal (MPF).<img decoding=\"async\" src=\"https:\/\/agenciabrasil.ebc.com.br\/ebc.png?id=1552780&amp;o=node\" \/><img decoding=\"async\" src=\"https:\/\/agenciabrasil.ebc.com.br\/ebc.gif?id=1552780&amp;o=node\" \/><\/p>\n<p>As atividades da mineradora Tamisa na Serra do Curral s\u00e3o alvo de contesta\u00e7\u00f5es n\u00e3o apenas pelo\u00a0MPF, mas tamb\u00e9m de entidades da sociedade civil e da prefeitura de Belo Horizonte. Apesar dos protestos, em maio do ano passado, o empreendimento havia sido licenciado por 8 votos a 4 no Conselho Estadual de Pol\u00edtica Ambiental (Copam). Com a decis\u00e3o, a Tamisa ficou liberada para instalar o complexo miner\u00e1rio de grande porte com vida \u00fatil de 13 anos em uma \u00e1rea de 101,24 hectares. O projeto prev\u00ea o desmatamento de 41,27 hectares de vegeta\u00e7\u00e3o nativa de Mata Atl\u00e2ntica.<\/p>\n<p>Na a\u00e7\u00e3o em que obteve a suspens\u00e3o do licenciamento, o MPF aponta viola\u00e7\u00e3o aos direitos da comunidade quilombola Mango Nzungo Kaiango. Eles teriam tomado conhecimento do projeto miner\u00e1rio apenas pela imprensa, o que afrontaria artigos da Constitui\u00e7\u00e3o Federal que protegem a cultura dos povos tradicionais.<\/p>\n<p>Al\u00e9m disso, o MPF acusou o descumprimento da Conven\u00e7\u00e3o 169 da Organiza\u00e7\u00e3o Internacional do Trabalho (OIT). Trata-se de um tratado internacional ratificado pelo Brasil que garante \u00e0s popula\u00e7\u00f5es tradicionais o direito \u00e0 consulta pr\u00e9via, livre e informada todas as vezes que qualquer medida legislativa ou administrativa for suscet\u00edvel de afet\u00e1-las diretamente.<\/p>\n<p>Localizada em Belo Horizonte, a comunidade quilombola Manzo Ngunzo Kaiango \u00e9 composta por 37 fam\u00edlias, que somam 182 pessoas. Ela \u00e9 reconhecida\u00a0desde 2007 pela Funda\u00e7\u00e3o Palmares, vinculada ao Minist\u00e9rio da Cidadania. Tamb\u00e9m tem reconhecimento municipal e estadual como patrim\u00f4nio cultural imaterial.<\/p>\n<p>Em nota, a Tamisa disse ter recebido a decis\u00e3o com serenidade e ressaltou que foi proferido um voto a seu favor, divergindo dos demais e acatando seus argumentos. &#8220;A empresa tem tranquilidade que, em sede recursal, far\u00e1 prevalecer este entendimento que lhe foi favor\u00e1vel, principalmente porque pautado nas provas e nos documentos constantes do processo e, tamb\u00e9m, na melhor interpreta\u00e7\u00e3o jur\u00eddica aplic\u00e1vel ao caso&#8221;, informa.<\/p>\n<p><span style=\"font-weight: 400;\">Fonte: Ag\u00eancia Brasil <\/span><\/p>\n","protected":false},"excerpt":{"rendered":"<p>A mineradora Tamisa permanece impedida de operar\u00a0na Serra do Cural, regi\u00e3o que \u00e9 um cart\u00e3o postal de Belo Horizonte. Nesta semana, o\u00a0Tribunal Regional Federal da 6\u00aa Regi\u00e3o (TRF-6) manteve, por 3 votos a 1, a suspens\u00e3o das licen\u00e7as para atividades da empresa, em uma a\u00e7\u00e3o movida pelo Minist\u00e9rio P\u00fablico Federal (MPF). As atividades da mineradora [&hellip;]<\/p>\n","protected":false},"author":246,"featured_media":217701,"comment_status":"closed","ping_status":"closed","sticky":false,"template":"","format":"standard","meta":{"footnotes":""},"categories":[436,440,254,439],"tags":[],"class_list":["post-217700","post","type-post","status-publish","format-standard","has-post-thumbnail","hentry","category-destaque-da-semana","category-destaques-do-dia","category-politica","category-ultima-hora"],"_links":{"self":[{"href":"https:\/\/diarioregionaldigital.com.br\/index.php?rest_route=\/wp\/v2\/posts\/217700","targetHints":{"allow":["GET"]}}],"collection":[{"href":"https:\/\/diarioregionaldigital.com.br\/index.php?rest_route=\/wp\/v2\/posts"}],"about":[{"href":"https:\/\/diarioregionaldigital.com.br\/index.php?rest_route=\/wp\/v2\/types\/post"}],"author":[{"embeddable":true,"href":"https:\/\/diarioregionaldigital.com.br\/index.php?rest_route=\/wp\/v2\/users\/246"}],"replies":[{"embeddable":true,"href":"https:\/\/diarioregionaldigital.com.br\/index.php?rest_route=%2Fwp%2Fv2%2Fcomments&post=217700"}],"version-history":[{"count":1,"href":"https:\/\/diarioregionaldigital.com.br\/index.php?rest_route=\/wp\/v2\/posts\/217700\/revisions"}],"predecessor-version":[{"id":217702,"href":"https:\/\/diarioregionaldigital.com.br\/index.php?rest_route=\/wp\/v2\/posts\/217700\/revisions\/217702"}],"wp:featuredmedia":[{"embeddable":true,"href":"https:\/\/diarioregionaldigital.com.br\/index.php?rest_route=\/wp\/v2\/media\/217701"}],"wp:attachment":[{"href":"https:\/\/diarioregionaldigital.com.br\/index.php?rest_route=%2Fwp%2Fv2%2Fmedia&parent=217700"}],"wp:term":[{"taxonomy":"category","embeddable":true,"href":"https:\/\/diarioregionaldigital.com.br\/index.php?rest_route=%2Fwp%2Fv2%2Fcategories&post=217700"},{"taxonomy":"post_tag","embeddable":true,"href":"https:\/\/diarioregionaldigital.com.br\/index.php?rest_route=%2Fwp%2Fv2%2Ftags&post=217700"}],"curies":[{"name":"wp","href":"https:\/\/api.w.org\/{rel}","templated":true}]}}