{"id":217688,"date":"2023-08-31T20:21:44","date_gmt":"2023-08-31T23:21:44","guid":{"rendered":"https:\/\/diarioregionaldigital.com.br\/?p=217688"},"modified":"2023-08-31T20:21:44","modified_gmt":"2023-08-31T23:21:44","slug":"pjf-promove-melhorias-em-25-linhas-de-onibus","status":"publish","type":"post","link":"https:\/\/diarioregionaldigital.com.br\/?p=217688","title":{"rendered":"PJF promove melhorias em 25 linhas de \u00f4nibus"},"content":{"rendered":"<div id=\"box_texto_noticia\">\n<p>Segundo informa\u00e7\u00f5es do site da Prefeitura de Juiz de Fora (PJF),\u00a0 ap\u00f3s a Prefeitura de Juiz de Fora (PJF) realizar estudos t\u00e9cnicos para melhor atender ao usu\u00e1rio do transporte p\u00fablico, 25 linhas de \u00f4nibus ter\u00e3o mudan\u00e7as entre esta sexta-feira, 1\u00ba, e domingo, 3, para otimizar o servi\u00e7o. Algumas altera\u00e7\u00f5es tamb\u00e9m contemplam pedidos da popula\u00e7\u00e3o. Entre os destaques, est\u00e1 a inclus\u00e3o de mais hor\u00e1rios nas linhas 107 (Vila Montanhesa), 145 (Centen\u00e1rio\/Santa Efig\u00eania), 516 (S\u00e3o Pedro), 533 (S\u00e3o Pedro), 547 (Nossa Senhora de F\u00e1tima) e o retorno de circula\u00e7\u00e3o aos s\u00e1bados da linha 720 (Santa L\u00facia).<\/p>\n<p><strong>Confira abaixo e no anexo todas as linhas que passam por melhorias:<\/strong><\/p>\n<p>A partir de sexta-feira, 1\u00ba: 107 (Vila Montanhesa), 112 (Santa Terezinha\/Mundo Novo), 120 (Vista Alegre\/Santa Luzia), 130 (Bandeirantes \u2013 Via Garganta do Dilermando\/S\u00e3o Geraldo), 132 (Bandeirantes\/Ipiranga), 145 (Centen\u00e1rio\/Santa Efig\u00eania), 201 (Progresso), 204 (Santa Paula), 205 (Santa Paula), 210 (Santa Paula), 306 (Retiro), 307 (Retiro\/Floresta), 516 (S\u00e3o Pedro), 533 (S\u00e3o Pedro), 538\u00a0(Morada do Serro\/Via Jardim Casa Blanca\/Adolpho Vireque), 548 (Adolpho Vireque\/Via Jardim Casa Blanca\/Morada do Serro), 547 (Nossa Senhora de F\u00e1tima), 646 (Milho Branco\/Av. Rio Branco), 710 (Novo Triunfo) e 758 (Novo Triunfo II).<\/p>\n<p>A partir de s\u00e1bado, 2: 104 (Granjas Bet\u00e2nia\/Santa Luzia), 108 (Granjas Bet\u00e2nia\/Santa Luzia), 301 (Usina Quatro) e 720\u00a0(Santa L\u00facia).<\/p>\n<p>A partir de domingo, 3: 523 (Monte Verde)<\/p>\n<\/div>\n<p>&nbsp;<\/p>\n<div class=\"texto_anexo\"><img loading=\"lazy\" decoding=\"async\" src=\"https:\/\/www.pjf.mg.gov.br\/imagens\/clips.jpg\" width=\"22\" height=\"20\" \/>\u00a0<a href=\"https:\/\/www.pjf.mg.gov.br\/noticias\/anexo\/ilovepdf_merged(1)(1).pdf\" target=\"_blank\" rel=\"noopener\">Veja o anexo<\/a><\/div>\n","protected":false},"excerpt":{"rendered":"<p>Segundo informa\u00e7\u00f5es do site da Prefeitura de Juiz de Fora (PJF),\u00a0 ap\u00f3s a Prefeitura de Juiz de Fora (PJF) realizar estudos t\u00e9cnicos para melhor atender ao usu\u00e1rio do transporte p\u00fablico, 25 linhas de \u00f4nibus ter\u00e3o mudan\u00e7as entre esta sexta-feira, 1\u00ba, e domingo, 3, para otimizar o servi\u00e7o. Algumas altera\u00e7\u00f5es tamb\u00e9m contemplam pedidos da popula\u00e7\u00e3o. Entre [&hellip;]<\/p>\n","protected":false},"author":246,"featured_media":217689,"comment_status":"closed","ping_status":"closed","sticky":false,"template":"","format":"standard","meta":{"footnotes":""},"categories":[253,436,439],"tags":[],"class_list":["post-217688","post","type-post","status-publish","format-standard","has-post-thumbnail","hentry","category-cidade","category-destaque-da-semana","category-ultima-hora"],"_links":{"self":[{"href":"https:\/\/diarioregionaldigital.com.br\/index.php?rest_route=\/wp\/v2\/posts\/217688","targetHints":{"allow":["GET"]}}],"collection":[{"href":"https:\/\/diarioregionaldigital.com.br\/index.php?rest_route=\/wp\/v2\/posts"}],"about":[{"href":"https:\/\/diarioregionaldigital.com.br\/index.php?rest_route=\/wp\/v2\/types\/post"}],"author":[{"embeddable":true,"href":"https:\/\/diarioregionaldigital.com.br\/index.php?rest_route=\/wp\/v2\/users\/246"}],"replies":[{"embeddable":true,"href":"https:\/\/diarioregionaldigital.com.br\/index.php?rest_route=%2Fwp%2Fv2%2Fcomments&post=217688"}],"version-history":[{"count":1,"href":"https:\/\/diarioregionaldigital.com.br\/index.php?rest_route=\/wp\/v2\/posts\/217688\/revisions"}],"predecessor-version":[{"id":217690,"href":"https:\/\/diarioregionaldigital.com.br\/index.php?rest_route=\/wp\/v2\/posts\/217688\/revisions\/217690"}],"wp:featuredmedia":[{"embeddable":true,"href":"https:\/\/diarioregionaldigital.com.br\/index.php?rest_route=\/wp\/v2\/media\/217689"}],"wp:attachment":[{"href":"https:\/\/diarioregionaldigital.com.br\/index.php?rest_route=%2Fwp%2Fv2%2Fmedia&parent=217688"}],"wp:term":[{"taxonomy":"category","embeddable":true,"href":"https:\/\/diarioregionaldigital.com.br\/index.php?rest_route=%2Fwp%2Fv2%2Fcategories&post=217688"},{"taxonomy":"post_tag","embeddable":true,"href":"https:\/\/diarioregionaldigital.com.br\/index.php?rest_route=%2Fwp%2Fv2%2Ftags&post=217688"}],"curies":[{"name":"wp","href":"https:\/\/api.w.org\/{rel}","templated":true}]}}