{"id":217682,"date":"2023-08-31T20:13:19","date_gmt":"2023-08-31T23:13:19","guid":{"rendered":"https:\/\/diarioregionaldigital.com.br\/?p=217682"},"modified":"2023-08-31T20:13:19","modified_gmt":"2023-08-31T23:13:19","slug":"alison-dos-santos-melhora-performance-e-leva-bronze-na-liga-diamante","status":"publish","type":"post","link":"https:\/\/diarioregionaldigital.com.br\/?p=217682","title":{"rendered":"Alison dos Santos melhora performance e leva bronze na Liga Diamante"},"content":{"rendered":"<p>Quinto colocado no Mundial de Atletismo na semana passada, o velocista brasileiro Alison dos Santos, o Piu, melhorou sua performance e conquistou o bronze nesta quinta-feira (31) na prova dos 400 metros com barreiras na Liga Diamante, a principal do circuito da World Athletics (Federa\u00e7\u00e3o Internacional de Atletismo), em Zurique (Su\u00ed\u00e7a). Alison retornou \u00e0s pistas em julho, na etapa da Pol\u00f4nia, ap\u00f3s dez meses em recupera\u00e7\u00e3o de uma cirurgia no joelho direito.<img decoding=\"async\" src=\"https:\/\/agenciabrasil.ebc.com.br\/ebc.png?id=1552536&amp;o=node\" \/><img decoding=\"async\" src=\"https:\/\/agenciabrasil.ebc.com.br\/ebc.gif?id=1552536&amp;o=node\" \/><\/p>\n<p>A prova de hoje (31) reeditou a final do Mundial de Budapeste (Hungria), com a diferen\u00e7a do brasileiro concluindo o percurso em terceiro lugar, em\u00a047s62 \u2013\u00a0 68 cent\u00e9simos mais baixo que o tempo obtido por ele h\u00e1 oito dias. Ao contr\u00e1rio do que ocorreu no Mundial, Kyron McMaster, das Ilhas Virgens Brit\u00e2nicas, segundo colocado no Mundial, bateu o noruegu\u00eas Karsten Warholm, atual campe\u00e3o, \u00a0em resultado definido com o aux\u00edlio da tecnologia\u00a0<em>photo finish<\/em>\u00a0(sistema de cronometragem altamente preciso, com reprodu\u00e7\u00e3o em imagens da linha de chegada). McMaster venceu a disputa com o tempo de\u00a0<strong>47s27<\/strong>\u00a0e Warholm cruzou a linha de chegada em 47s30, ficando com a prata.<\/p>\n<p>Campe\u00e3o mundial nos 400m com barreiras no ano passado, no Oregon (Estados Unidos), Alison dos Santos havia disputado este anos apenas a etapa da Pol\u00f4nia da Liga Diamante, em julho, antes do Mundial de Budapeste.\u00a0Na etapa da Pol\u00f4nia, que marcou o retorno do velocista \u00e0s pistas, Piu faturou dois bronzes: o primeiro nos 400m rasos e outro nos 400m com barreiras, sua especialidade.<\/p>\n<h2>Ciclo para Paris 2024<\/h2>\n<p>H\u00e1 duas maneiras de os atletas assegurarem uma vaga ol\u00edmpica nos Jogos de Paris: atingindo os \u00edndices estabelecidos pelos eventos no per\u00edodo de classifica\u00e7\u00e3o ou pelo ranking mundial da World Athletics (sigla da Federa\u00e7\u00e3o Internacional de Atletismo). A totaliza\u00e7\u00e3o de pontos come\u00e7ou a valer em 1\u00ba de julho e vai at\u00e9 30 de junho de 2024. Nas provas individuais, ser\u00e3o permitidos at\u00e9 tr\u00eas atletas por pa\u00eds.<\/p>\n<p>Segundo o Comit\u00ea Ol\u00edmpico do Brasil\u00a0 (COB), o atletismo nacional j\u00e1 carimbou as seguinte vagas:<\/p>\n<p><strong>Feminino<\/strong><\/p>\n<p>Marcha atl\u00e9tica 20km<\/p>\n<p><strong>Masculino<\/strong><\/p>\n<p>Arremesso do peso<\/p>\n<p>Marcha atl\u00e9tica 20km<\/p>\n<p>Maratona<\/p>\n<p>100m rasos<\/p>\n<p>110m com barreiras<\/p>\n<p>400m rasos (2 atletas)<\/p>\n<p>400m com barreiras<\/p>\n<p>Salto triplo<\/p>\n<p><span style=\"font-weight: 400;\">Fonte: Ag\u00eancia Brasil <\/span><\/p>\n","protected":false},"excerpt":{"rendered":"<p>Quinto colocado no Mundial de Atletismo na semana passada, o velocista brasileiro Alison dos Santos, o Piu, melhorou sua performance e conquistou o bronze nesta quinta-feira (31) na prova dos 400 metros com barreiras na Liga Diamante, a principal do circuito da World Athletics (Federa\u00e7\u00e3o Internacional de Atletismo), em Zurique (Su\u00ed\u00e7a). Alison retornou \u00e0s pistas [&hellip;]<\/p>\n","protected":false},"author":246,"featured_media":217683,"comment_status":"closed","ping_status":"closed","sticky":false,"template":"","format":"standard","meta":{"footnotes":""},"categories":[436,440,257,439],"tags":[],"class_list":["post-217682","post","type-post","status-publish","format-standard","has-post-thumbnail","hentry","category-destaque-da-semana","category-destaques-do-dia","category-esporte","category-ultima-hora"],"_links":{"self":[{"href":"https:\/\/diarioregionaldigital.com.br\/index.php?rest_route=\/wp\/v2\/posts\/217682","targetHints":{"allow":["GET"]}}],"collection":[{"href":"https:\/\/diarioregionaldigital.com.br\/index.php?rest_route=\/wp\/v2\/posts"}],"about":[{"href":"https:\/\/diarioregionaldigital.com.br\/index.php?rest_route=\/wp\/v2\/types\/post"}],"author":[{"embeddable":true,"href":"https:\/\/diarioregionaldigital.com.br\/index.php?rest_route=\/wp\/v2\/users\/246"}],"replies":[{"embeddable":true,"href":"https:\/\/diarioregionaldigital.com.br\/index.php?rest_route=%2Fwp%2Fv2%2Fcomments&post=217682"}],"version-history":[{"count":1,"href":"https:\/\/diarioregionaldigital.com.br\/index.php?rest_route=\/wp\/v2\/posts\/217682\/revisions"}],"predecessor-version":[{"id":217684,"href":"https:\/\/diarioregionaldigital.com.br\/index.php?rest_route=\/wp\/v2\/posts\/217682\/revisions\/217684"}],"wp:featuredmedia":[{"embeddable":true,"href":"https:\/\/diarioregionaldigital.com.br\/index.php?rest_route=\/wp\/v2\/media\/217683"}],"wp:attachment":[{"href":"https:\/\/diarioregionaldigital.com.br\/index.php?rest_route=%2Fwp%2Fv2%2Fmedia&parent=217682"}],"wp:term":[{"taxonomy":"category","embeddable":true,"href":"https:\/\/diarioregionaldigital.com.br\/index.php?rest_route=%2Fwp%2Fv2%2Fcategories&post=217682"},{"taxonomy":"post_tag","embeddable":true,"href":"https:\/\/diarioregionaldigital.com.br\/index.php?rest_route=%2Fwp%2Fv2%2Ftags&post=217682"}],"curies":[{"name":"wp","href":"https:\/\/api.w.org\/{rel}","templated":true}]}}