{"id":217665,"date":"2023-08-30T20:02:52","date_gmt":"2023-08-30T23:02:52","guid":{"rendered":"https:\/\/diarioregionaldigital.com.br\/?p=217665"},"modified":"2023-08-30T20:02:52","modified_gmt":"2023-08-30T23:02:52","slug":"juiz-de-fora-criou-mais-de-2-300-empregos-em-2023","status":"publish","type":"post","link":"https:\/\/diarioregionaldigital.com.br\/?p=217665","title":{"rendered":"Juiz de Fora criou mais de 2.300 empregos em 2023"},"content":{"rendered":"<p>Segundo informa\u00e7\u00f5es do site da Prefeitura de Juiz de Fora (PJF), Juiz de Fora finalizou os sete primeiros meses de 2023 com 2.307 novos empregos formais. O resultado do Cadastro Geral de Empregados e Desempregados (Caged), foi divulgado nesta quarta-feira, 30.\u00a0 O Estoque (total de v\u00ednculos celetistas) na cidade chegou a 137.828 empregos formais, crescimento de 1,7% em rela\u00e7\u00e3o ao in\u00edcio do ano.<\/p>\n<p>Em julho, os setores da Ind\u00fastria e Servi\u00e7os apresentaram resultado positivo, com a cria\u00e7\u00e3o de 23 e 7 vagas de trabalho, respectivamente. Com rela\u00e7\u00e3o aos setores Com\u00e9rcio, Constru\u00e7\u00e3o e Agropecu\u00e1ria, as demiss\u00f5es superaram as contrata\u00e7\u00f5es em 160, 46 e 7 postos, respectivamente. No total, foram 5.284 demiss\u00f5es e 5.101 admiss\u00f5es na cidade, gerando o saldo de -183.<\/p>\n<p>Apesar do resultado no m\u00eas de julho, o setor de Constru\u00e7\u00e3o apresentou saldo positivo no acumulado do ano, com 151 vagas criadas. O mesmo ocorreu com a Agropecu\u00e1ria, saldo positivo de 9 empregos. No\u00a0 Com\u00e9rcio, as demiss\u00f5es superaram contrata\u00e7\u00f5es em 269 postos.<\/p>\n<p>No Brasil, as admiss\u00f5es superaram os desligamentos em 142.702 postos em julho. Com rela\u00e7\u00e3o aos dados referentes ao estado, o saldo total de empregos tamb\u00e9m ficou positivo, 12.353. Todos os setores apresentaram saldo positivo no estado e pa\u00eds.<\/p>\n<p>Para o secret\u00e1rio de Desenvolvimento, Ignacio Delgado, julho \u00e9 m\u00eas em que as f\u00e9rias escolares, dado o peso do setor educa\u00e7\u00e3o na cidade, impactam o desempenho da atividade comercial. \u201cSinais de retomada podem ser observadas nas vagas oferecidas pela edi\u00e7\u00e3o do Espa\u00e7o Emprego que ocorre neste dia 31, com forte presen\u00e7a de oportunidades oferecidas pelo com\u00e9rcio e constru\u00e7\u00e3o civil\u201d.<\/p>\n<p>A a\u00e7\u00e3o de intermedia\u00e7\u00e3o para o emprego formal, que ser\u00e1 realizada nesta quinta-feira,\u00a0 no Espa\u00e7o Mascarenhas, das 9h \u00e0s 14h, ter\u00e1 mais de 550 oportunidades para contrata\u00e7\u00e3o imediata, sendo cerca de 250 para com\u00e9rcio, 200 para servi\u00e7os e 100 para ind\u00fastria e constru\u00e7\u00e3o civil.<\/p>\n<p>&nbsp;<\/p>\n<div id=\"box_compartilhar\" align=\"right\"><\/div>\n","protected":false},"excerpt":{"rendered":"<p>Segundo informa\u00e7\u00f5es do site da Prefeitura de Juiz de Fora (PJF), Juiz de Fora finalizou os sete primeiros meses de 2023 com 2.307 novos empregos formais. O resultado do Cadastro Geral de Empregados e Desempregados (Caged), foi divulgado nesta quarta-feira, 30.\u00a0 O Estoque (total de v\u00ednculos celetistas) na cidade chegou a 137.828 empregos formais, crescimento [&hellip;]<\/p>\n","protected":false},"author":246,"featured_media":217666,"comment_status":"closed","ping_status":"closed","sticky":false,"template":"","format":"standard","meta":{"footnotes":""},"categories":[253,436,440,439],"tags":[],"class_list":["post-217665","post","type-post","status-publish","format-standard","has-post-thumbnail","hentry","category-cidade","category-destaque-da-semana","category-destaques-do-dia","category-ultima-hora"],"_links":{"self":[{"href":"https:\/\/diarioregionaldigital.com.br\/index.php?rest_route=\/wp\/v2\/posts\/217665","targetHints":{"allow":["GET"]}}],"collection":[{"href":"https:\/\/diarioregionaldigital.com.br\/index.php?rest_route=\/wp\/v2\/posts"}],"about":[{"href":"https:\/\/diarioregionaldigital.com.br\/index.php?rest_route=\/wp\/v2\/types\/post"}],"author":[{"embeddable":true,"href":"https:\/\/diarioregionaldigital.com.br\/index.php?rest_route=\/wp\/v2\/users\/246"}],"replies":[{"embeddable":true,"href":"https:\/\/diarioregionaldigital.com.br\/index.php?rest_route=%2Fwp%2Fv2%2Fcomments&post=217665"}],"version-history":[{"count":1,"href":"https:\/\/diarioregionaldigital.com.br\/index.php?rest_route=\/wp\/v2\/posts\/217665\/revisions"}],"predecessor-version":[{"id":217667,"href":"https:\/\/diarioregionaldigital.com.br\/index.php?rest_route=\/wp\/v2\/posts\/217665\/revisions\/217667"}],"wp:featuredmedia":[{"embeddable":true,"href":"https:\/\/diarioregionaldigital.com.br\/index.php?rest_route=\/wp\/v2\/media\/217666"}],"wp:attachment":[{"href":"https:\/\/diarioregionaldigital.com.br\/index.php?rest_route=%2Fwp%2Fv2%2Fmedia&parent=217665"}],"wp:term":[{"taxonomy":"category","embeddable":true,"href":"https:\/\/diarioregionaldigital.com.br\/index.php?rest_route=%2Fwp%2Fv2%2Fcategories&post=217665"},{"taxonomy":"post_tag","embeddable":true,"href":"https:\/\/diarioregionaldigital.com.br\/index.php?rest_route=%2Fwp%2Fv2%2Ftags&post=217665"}],"curies":[{"name":"wp","href":"https:\/\/api.w.org\/{rel}","templated":true}]}}