{"id":217647,"date":"2023-08-30T00:48:19","date_gmt":"2023-08-30T03:48:19","guid":{"rendered":"https:\/\/diarioregionaldigital.com.br\/?p=217647"},"modified":"2023-08-30T00:48:19","modified_gmt":"2023-08-30T03:48:19","slug":"prefeitura-municipal-de-descoberto-contrato-no063-30-08-2023","status":"publish","type":"post","link":"https:\/\/diarioregionaldigital.com.br\/?p=217647","title":{"rendered":"Prefeitura Municipal de Descoberto &#8211; Contrato n\u00ba063 &#8211; 30\/08\/2023"},"content":{"rendered":"<p style=\"text-align: center;\"><strong>EXTRATO DE CONTRATO<\/strong><\/p>\n<p style=\"text-align: center;\">Pref. Municipal de Descoberto x Mercado Ideal Ltda \u00a0\u2013 Aquisi\u00e7\u00e3o de g\u00eaneros aliment\u00edcios da merenda escolar\u2013 \u00a0Fundamento: Preg\u00e3o n\u00ba 024\/2023 &#8211; Valor Global: R$ 8.787,58 &#8211; Vig\u00eancia: 06 meses &#8211;\u00a0 Dot or\u00e7: 02.02004.12.306.0003.262-339030\/155 \u00a0&#8211; \u00a0\u00a0Ass: 30\/08\/2023 &#8211; Foro: S\u00e3o Jo\u00e3o Nepomuceno\/MG.<\/p>\n<p style=\"text-align: center;\"><strong>Marcos de Ara\u00fajo Lima<\/strong><\/p>\n<p style=\"text-align: center;\"><strong>Prefeito Municipal<\/strong><\/p>\n","protected":false},"excerpt":{"rendered":"<p>EXTRATO DE CONTRATO Pref. Municipal de Descoberto x Mercado Ideal Ltda \u00a0\u2013 Aquisi\u00e7\u00e3o de g\u00eaneros aliment\u00edcios da merenda escolar\u2013 \u00a0Fundamento: Preg\u00e3o n\u00ba 024\/2023 &#8211; Valor Global: R$ 8.787,58 &#8211; Vig\u00eancia: 06 meses &#8211;\u00a0 Dot or\u00e7: 02.02004.12.306.0003.262-339030\/155 \u00a0&#8211; \u00a0\u00a0Ass: 30\/08\/2023 &#8211; Foro: S\u00e3o Jo\u00e3o Nepomuceno\/MG. Marcos de Ara\u00fajo Lima Prefeito Municipal<\/p>\n","protected":false},"author":96,"featured_media":0,"comment_status":"closed","ping_status":"closed","sticky":false,"template":"","format":"standard","meta":{"footnotes":""},"categories":[307],"tags":[],"class_list":["post-217647","post","type-post","status-publish","format-standard","hentry","category-editais"],"_links":{"self":[{"href":"https:\/\/diarioregionaldigital.com.br\/index.php?rest_route=\/wp\/v2\/posts\/217647","targetHints":{"allow":["GET"]}}],"collection":[{"href":"https:\/\/diarioregionaldigital.com.br\/index.php?rest_route=\/wp\/v2\/posts"}],"about":[{"href":"https:\/\/diarioregionaldigital.com.br\/index.php?rest_route=\/wp\/v2\/types\/post"}],"author":[{"embeddable":true,"href":"https:\/\/diarioregionaldigital.com.br\/index.php?rest_route=\/wp\/v2\/users\/96"}],"replies":[{"embeddable":true,"href":"https:\/\/diarioregionaldigital.com.br\/index.php?rest_route=%2Fwp%2Fv2%2Fcomments&post=217647"}],"version-history":[{"count":1,"href":"https:\/\/diarioregionaldigital.com.br\/index.php?rest_route=\/wp\/v2\/posts\/217647\/revisions"}],"predecessor-version":[{"id":217648,"href":"https:\/\/diarioregionaldigital.com.br\/index.php?rest_route=\/wp\/v2\/posts\/217647\/revisions\/217648"}],"wp:attachment":[{"href":"https:\/\/diarioregionaldigital.com.br\/index.php?rest_route=%2Fwp%2Fv2%2Fmedia&parent=217647"}],"wp:term":[{"taxonomy":"category","embeddable":true,"href":"https:\/\/diarioregionaldigital.com.br\/index.php?rest_route=%2Fwp%2Fv2%2Fcategories&post=217647"},{"taxonomy":"post_tag","embeddable":true,"href":"https:\/\/diarioregionaldigital.com.br\/index.php?rest_route=%2Fwp%2Fv2%2Ftags&post=217647"}],"curies":[{"name":"wp","href":"https:\/\/api.w.org\/{rel}","templated":true}]}}