{"id":217636,"date":"2023-08-29T19:46:13","date_gmt":"2023-08-29T22:46:13","guid":{"rendered":"https:\/\/diarioregionaldigital.com.br\/?p=217636"},"modified":"2023-08-29T19:46:13","modified_gmt":"2023-08-29T22:46:13","slug":"biblioteca-municipal-murilo-mendes-recebe-oficina-pratica-de-teatro-de-animacao-com-vagas-gratuitas","status":"publish","type":"post","link":"https:\/\/diarioregionaldigital.com.br\/?p=217636","title":{"rendered":"Biblioteca Municipal Murilo Mendes recebe Oficina Pr\u00e1tica de Teatro de Anima\u00e7\u00e3o com vagas gratuitas"},"content":{"rendered":"<p>Segundo informa\u00e7\u00f5es do site da Prefeitura de Juiz de Fora (PJF), a Biblioteca Municipal Murilo Mendes, mantida pela Prefeitura de Juiz de Fora (PJF) e gerida pela Funda\u00e7\u00e3o Cultural Alfredo Ferreira Lage (Funalfa), vai sediar a Oficina Pr\u00e1tica de Teatro de Anima\u00e7\u00e3o da Cia Teatro Epigenia, do Rio de Janeiro, no dia 10 de setembro, das 10h \u00e0s 13h. A atividade \u00e9 voltada para profissionais das artes c\u00eanicas, educadores, professores de arte ou interessados em trabalhar com teatro de bonecos e conhecer um pouco da pr\u00e1tica. A idade m\u00ednima para participar \u00e9 de 16 anos, e as 20 vagas disponibilizadas ser\u00e3o preenchidas por ordem de inscri\u00e7\u00e3o, a partir de ter\u00e7a-feira, 29 de agosto, no\u00a0<a href=\"https:\/\/docs.google.com\/forms\/d\/e\/1FAIpQLSfxqP8kA7PUValGkaGYKWDm41hFOwHVoKPzIwsOQ0yZNF6Uag\/viewform\"><strong>link<\/strong><\/a>.<\/p>\n<p>A oficina ser\u00e1 ministrada por\u00a0Marcio Nascimento (ator premiado do espet\u00e1culo \u201cCasa Caramujo\u201d) e apresentar\u00e1 as linhas b\u00e1sicas de manipula\u00e7\u00e3o e interpreta\u00e7\u00e3o com bonecos. Ser\u00e3o abordadas quest\u00f5es pr\u00e1ticas inerentes a qualquer t\u00e9cnica de manipula\u00e7\u00e3o e que s\u00e3o base para que o interessado aprenda no\u00e7\u00f5es de manipula\u00e7\u00e3o de bonecos. Uma s\u00e9rie de exerc\u00edcios vai enfocar os princ\u00edpios de n\u00edvel, ponto fixo, eixo, mudan\u00e7a de din\u00e2mica e neutralidade, entre outros focos de interesse. Durante a oficina, haver\u00e1 constru\u00e7\u00e3o de prot\u00f3tipos que servir\u00e3o para o entendimento e a pr\u00e1tica dos fundamentos apresentados.<\/p>\n<p>A Biblioteca Municipal Murilo Mendes est\u00e1 instalada na Avenida Get\u00falio Vargas 200 \u2013 Centro, na Pra\u00e7a Ant\u00f4nio Carlos (PAC).<\/p>\n<p><strong>Espet\u00e1culo<\/strong><\/p>\n<p>Tamb\u00e9m no dia 10, \u00e0s 16h, a Cia Teatro Epigenia apresenta o espet\u00e1culo \u201cCasa Caramujo\u201d, no Teatro Solar. Com entrada gratuita e classifica\u00e7\u00e3o et\u00e1ria de 6 anos, a apresenta\u00e7\u00e3o \u00fanica ter\u00e1 dura\u00e7\u00e3o de 55 minutos, sendo parte do programa Divers\u00e3o em Cena, promovido pela Funda\u00e7\u00e3o ArcelorMittal, com o objetivo de formar p\u00fablico para o teatro infantil do pa\u00eds.<\/p>\n<p>A pe\u00e7a \u201cCasa Caramujo\u201d conta a hist\u00f3ria de um menino que, ao perceber que poder\u00e1 perder a m\u00e3e doente, enfrenta a \u201cDona Morte\u201d e consegue aprision\u00e1-la dentro de uma casa de caramujo, que havia sido deixada pelo seu dono (o Caramujo) para se banhar. Quando retorna para casa, o menino encontra sua m\u00e3e bem, mas, aos poucos, eles e todos os moradores do lugar come\u00e7am a se deparar com um fato: ningu\u00e9m consegue mais colher frutos, legumes, verduras e pescar.<\/p>\n<p>Aprisionada, a morte deixa de agir e ningu\u00e9m mais consegue se alimentar, quebrando, assim, o ciclo da vida. O menino ent\u00e3o precisa mergulhar no fundo das \u00e1guas e resgatar a dona morte para a vida voltar ao normal.<\/p>\n<p>&nbsp;<\/p>\n","protected":false},"excerpt":{"rendered":"<p>Segundo informa\u00e7\u00f5es do site da Prefeitura de Juiz de Fora (PJF), a Biblioteca Municipal Murilo Mendes, mantida pela Prefeitura de Juiz de Fora (PJF) e gerida pela Funda\u00e7\u00e3o Cultural Alfredo Ferreira Lage (Funalfa), vai sediar a Oficina Pr\u00e1tica de Teatro de Anima\u00e7\u00e3o da Cia Teatro Epigenia, do Rio de Janeiro, no dia 10 de setembro, [&hellip;]<\/p>\n","protected":false},"author":246,"featured_media":217638,"comment_status":"closed","ping_status":"closed","sticky":false,"template":"","format":"standard","meta":{"footnotes":""},"categories":[253,436,439],"tags":[],"class_list":["post-217636","post","type-post","status-publish","format-standard","has-post-thumbnail","hentry","category-cidade","category-destaque-da-semana","category-ultima-hora"],"_links":{"self":[{"href":"https:\/\/diarioregionaldigital.com.br\/index.php?rest_route=\/wp\/v2\/posts\/217636","targetHints":{"allow":["GET"]}}],"collection":[{"href":"https:\/\/diarioregionaldigital.com.br\/index.php?rest_route=\/wp\/v2\/posts"}],"about":[{"href":"https:\/\/diarioregionaldigital.com.br\/index.php?rest_route=\/wp\/v2\/types\/post"}],"author":[{"embeddable":true,"href":"https:\/\/diarioregionaldigital.com.br\/index.php?rest_route=\/wp\/v2\/users\/246"}],"replies":[{"embeddable":true,"href":"https:\/\/diarioregionaldigital.com.br\/index.php?rest_route=%2Fwp%2Fv2%2Fcomments&post=217636"}],"version-history":[{"count":1,"href":"https:\/\/diarioregionaldigital.com.br\/index.php?rest_route=\/wp\/v2\/posts\/217636\/revisions"}],"predecessor-version":[{"id":217639,"href":"https:\/\/diarioregionaldigital.com.br\/index.php?rest_route=\/wp\/v2\/posts\/217636\/revisions\/217639"}],"wp:featuredmedia":[{"embeddable":true,"href":"https:\/\/diarioregionaldigital.com.br\/index.php?rest_route=\/wp\/v2\/media\/217638"}],"wp:attachment":[{"href":"https:\/\/diarioregionaldigital.com.br\/index.php?rest_route=%2Fwp%2Fv2%2Fmedia&parent=217636"}],"wp:term":[{"taxonomy":"category","embeddable":true,"href":"https:\/\/diarioregionaldigital.com.br\/index.php?rest_route=%2Fwp%2Fv2%2Fcategories&post=217636"},{"taxonomy":"post_tag","embeddable":true,"href":"https:\/\/diarioregionaldigital.com.br\/index.php?rest_route=%2Fwp%2Fv2%2Ftags&post=217636"}],"curies":[{"name":"wp","href":"https:\/\/api.w.org\/{rel}","templated":true}]}}