{"id":217633,"date":"2023-08-29T19:42:31","date_gmt":"2023-08-29T22:42:31","guid":{"rendered":"https:\/\/diarioregionaldigital.com.br\/?p=217633"},"modified":"2023-08-29T19:43:01","modified_gmt":"2023-08-29T22:43:01","slug":"interrupcao-de-energia-eletrica-pode-comprometer-fornecimento-de-agua-em-tres-regioes-esta-semana","status":"publish","type":"post","link":"https:\/\/diarioregionaldigital.com.br\/?p=217633","title":{"rendered":"Interrup\u00e7\u00e3o de energia el\u00e9trica pode comprometer fornecimento de \u00e1gua em tr\u00eas regi\u00f5es esta semana"},"content":{"rendered":"<p>Segundo informa\u00e7\u00f5es do site da Prefeitura de Juiz de Fora (PJF), nesta semana, servi\u00e7os programados de manuten\u00e7\u00e3o na rede el\u00e9trica ser\u00e3o realizados pela Companhia Energ\u00e9tica de Minas Gerais (Cemig), podendo comprometer o sistema de fornecimento de \u00e1gua em algumas localidades de Juiz de Fora. Na quinta-feira, 31, os trabalhos ser\u00e3o realizados na regi\u00e3o onde fica localizada a elevat\u00f3ria que abastece o Residencial Alvim, o que pode refletir no abastecimento da \u00e1rea. A Companhia de Saneamento Municipal (Cesama) ir\u00e1 retomar o funcionamento da unidade assim que a energia el\u00e9trica for restabelecida.<\/p>\n<p>Na sexta-feira, 1\u00ba de setembro, os servi\u00e7os da Cemig acontecem em duas regi\u00f5es distintas. De 9h \u00e0s 12h30, a companhia energ\u00e9tica ir\u00e1 atuar no distrito de Valadares, interrompendo o fornecimento de energia e, desta forma, a unidade da Cesama que abastece o distrito ter\u00e1 sua opera\u00e7\u00e3o suspensa. Ainda na sexta, a manuten\u00e7\u00e3o programada da rede el\u00e9trica acontece tamb\u00e9m no bairro Milho Branco, de 11h \u00e0s 16h, podendo comprometer o abastecimento da parte alta do bairro. Em ambos os locais, t\u00e3o logo a energia el\u00e9trica seja retomada, as unidades da Cesama voltar\u00e3o a operar.<br \/>\nA previs\u00e3o \u00e9 que a regulariza\u00e7\u00e3o do fornecimento de \u00e1gua nos tr\u00eas casos aconte\u00e7a ao longo da noite, no mesmo dia em que o servi\u00e7o for realizado.<\/p>\n","protected":false},"excerpt":{"rendered":"<p>Segundo informa\u00e7\u00f5es do site da Prefeitura de Juiz de Fora (PJF), nesta semana, servi\u00e7os programados de manuten\u00e7\u00e3o na rede el\u00e9trica ser\u00e3o realizados pela Companhia Energ\u00e9tica de Minas Gerais (Cemig), podendo comprometer o sistema de fornecimento de \u00e1gua em algumas localidades de Juiz de Fora. Na quinta-feira, 31, os trabalhos ser\u00e3o realizados na regi\u00e3o onde fica [&hellip;]<\/p>\n","protected":false},"author":246,"featured_media":217634,"comment_status":"closed","ping_status":"closed","sticky":false,"template":"","format":"standard","meta":{"footnotes":""},"categories":[253,436,439],"tags":[],"class_list":["post-217633","post","type-post","status-publish","format-standard","has-post-thumbnail","hentry","category-cidade","category-destaque-da-semana","category-ultima-hora"],"_links":{"self":[{"href":"https:\/\/diarioregionaldigital.com.br\/index.php?rest_route=\/wp\/v2\/posts\/217633","targetHints":{"allow":["GET"]}}],"collection":[{"href":"https:\/\/diarioregionaldigital.com.br\/index.php?rest_route=\/wp\/v2\/posts"}],"about":[{"href":"https:\/\/diarioregionaldigital.com.br\/index.php?rest_route=\/wp\/v2\/types\/post"}],"author":[{"embeddable":true,"href":"https:\/\/diarioregionaldigital.com.br\/index.php?rest_route=\/wp\/v2\/users\/246"}],"replies":[{"embeddable":true,"href":"https:\/\/diarioregionaldigital.com.br\/index.php?rest_route=%2Fwp%2Fv2%2Fcomments&post=217633"}],"version-history":[{"count":1,"href":"https:\/\/diarioregionaldigital.com.br\/index.php?rest_route=\/wp\/v2\/posts\/217633\/revisions"}],"predecessor-version":[{"id":217635,"href":"https:\/\/diarioregionaldigital.com.br\/index.php?rest_route=\/wp\/v2\/posts\/217633\/revisions\/217635"}],"wp:featuredmedia":[{"embeddable":true,"href":"https:\/\/diarioregionaldigital.com.br\/index.php?rest_route=\/wp\/v2\/media\/217634"}],"wp:attachment":[{"href":"https:\/\/diarioregionaldigital.com.br\/index.php?rest_route=%2Fwp%2Fv2%2Fmedia&parent=217633"}],"wp:term":[{"taxonomy":"category","embeddable":true,"href":"https:\/\/diarioregionaldigital.com.br\/index.php?rest_route=%2Fwp%2Fv2%2Fcategories&post=217633"},{"taxonomy":"post_tag","embeddable":true,"href":"https:\/\/diarioregionaldigital.com.br\/index.php?rest_route=%2Fwp%2Fv2%2Ftags&post=217633"}],"curies":[{"name":"wp","href":"https:\/\/api.w.org\/{rel}","templated":true}]}}