{"id":217630,"date":"2023-08-29T19:39:20","date_gmt":"2023-08-29T22:39:20","guid":{"rendered":"https:\/\/diarioregionaldigital.com.br\/?p=217630"},"modified":"2023-08-29T19:39:20","modified_gmt":"2023-08-29T22:39:20","slug":"inscricoes-para-oficina-de-teatro-na-biblioteca-municipal-murilo-mendes-sao-prorrogadas","status":"publish","type":"post","link":"https:\/\/diarioregionaldigital.com.br\/?p=217630","title":{"rendered":"Inscri\u00e7\u00f5es para oficina de teatro na Biblioteca Municipal Murilo Mendes s\u00e3o prorrogadas"},"content":{"rendered":"<p>Segundo informa\u00e7\u00f5es do site da Prefeitura de Juiz de Fora (PJF), foram prorrogadas at\u00e9 o pr\u00f3ximo dia 6 de setembro, quarta-feira, as inscri\u00e7\u00f5es para a oficina de teatro que o Programa Gente em Primeiro Lugar vai oferecer na Biblioteca Municipal Murilo Mendes, localizada na Avenida Get\u00falio Vargas 200, Centro. A atividade \u00e9 destinada a pessoas a partir dos 10 anos, sem limite de idade. Com a extens\u00e3o do prazo de matr\u00edcula, o in\u00edcio das aulas foi adiado para a pr\u00f3xima segunda-feira, 11 de setembro.<\/p>\n<p>A oficina ser\u00e1 ministrada pelo articulador cultural Matheus Yung, com aulas \u00e0s segundas e quartas-feiras, das 10h \u00e0s 11h, at\u00e9 o m\u00eas de dezembro. N\u00e3o h\u00e1 necessidade de experi\u00eancia anterior na \u00e1rea de teatro. Para formalizar a inscri\u00e7\u00e3o, basta se dirigir ao Setor Infantojuvenil da biblioteca, das 8h30 \u00e0s 11h e das 15h \u00e0s 17h. \u00c9 necess\u00e1rio apresentar carteira de identidade e comprovante de endere\u00e7o. Menores de 18 anos devem estar acompanhados por um respons\u00e1vel legal.<\/p>\n<p>A Biblioteca Municipal Murilo Mendes e o Programa Gente em Primeiro Lugar s\u00e3o mantidos pela Prefeitura de Juiz de Fora (PJF), com gest\u00e3o da Funda\u00e7\u00e3o Cultural Alfredo Ferreira Lage (Funalfa). No caso do Gente, a presta\u00e7\u00e3o de servi\u00e7os acontece por meio da Associa\u00e7\u00e3o Municipal de Apoio Comunit\u00e1rio (Amac).<\/p>\n","protected":false},"excerpt":{"rendered":"<p>Segundo informa\u00e7\u00f5es do site da Prefeitura de Juiz de Fora (PJF), foram prorrogadas at\u00e9 o pr\u00f3ximo dia 6 de setembro, quarta-feira, as inscri\u00e7\u00f5es para a oficina de teatro que o Programa Gente em Primeiro Lugar vai oferecer na Biblioteca Municipal Murilo Mendes, localizada na Avenida Get\u00falio Vargas 200, Centro. A atividade \u00e9 destinada a pessoas [&hellip;]<\/p>\n","protected":false},"author":246,"featured_media":217631,"comment_status":"closed","ping_status":"closed","sticky":false,"template":"","format":"standard","meta":{"footnotes":""},"categories":[253,436,440,439],"tags":[],"class_list":["post-217630","post","type-post","status-publish","format-standard","has-post-thumbnail","hentry","category-cidade","category-destaque-da-semana","category-destaques-do-dia","category-ultima-hora"],"_links":{"self":[{"href":"https:\/\/diarioregionaldigital.com.br\/index.php?rest_route=\/wp\/v2\/posts\/217630","targetHints":{"allow":["GET"]}}],"collection":[{"href":"https:\/\/diarioregionaldigital.com.br\/index.php?rest_route=\/wp\/v2\/posts"}],"about":[{"href":"https:\/\/diarioregionaldigital.com.br\/index.php?rest_route=\/wp\/v2\/types\/post"}],"author":[{"embeddable":true,"href":"https:\/\/diarioregionaldigital.com.br\/index.php?rest_route=\/wp\/v2\/users\/246"}],"replies":[{"embeddable":true,"href":"https:\/\/diarioregionaldigital.com.br\/index.php?rest_route=%2Fwp%2Fv2%2Fcomments&post=217630"}],"version-history":[{"count":1,"href":"https:\/\/diarioregionaldigital.com.br\/index.php?rest_route=\/wp\/v2\/posts\/217630\/revisions"}],"predecessor-version":[{"id":217632,"href":"https:\/\/diarioregionaldigital.com.br\/index.php?rest_route=\/wp\/v2\/posts\/217630\/revisions\/217632"}],"wp:featuredmedia":[{"embeddable":true,"href":"https:\/\/diarioregionaldigital.com.br\/index.php?rest_route=\/wp\/v2\/media\/217631"}],"wp:attachment":[{"href":"https:\/\/diarioregionaldigital.com.br\/index.php?rest_route=%2Fwp%2Fv2%2Fmedia&parent=217630"}],"wp:term":[{"taxonomy":"category","embeddable":true,"href":"https:\/\/diarioregionaldigital.com.br\/index.php?rest_route=%2Fwp%2Fv2%2Fcategories&post=217630"},{"taxonomy":"post_tag","embeddable":true,"href":"https:\/\/diarioregionaldigital.com.br\/index.php?rest_route=%2Fwp%2Fv2%2Ftags&post=217630"}],"curies":[{"name":"wp","href":"https:\/\/api.w.org\/{rel}","templated":true}]}}