{"id":217627,"date":"2023-08-29T19:30:07","date_gmt":"2023-08-29T22:30:07","guid":{"rendered":"https:\/\/diarioregionaldigital.com.br\/?p=217627"},"modified":"2023-08-29T19:30:07","modified_gmt":"2023-08-29T22:30:07","slug":"brasil-fica-em-primeiro-lugar-na-olimpiada-do-desporto-escolar","status":"publish","type":"post","link":"https:\/\/diarioregionaldigital.com.br\/?p=217627","title":{"rendered":"Brasil fica em primeiro lugar na Olimp\u00edada do Desporto Escolar"},"content":{"rendered":"<p>Com 282 medalhas, o\u00a0Brasil terminou a Olimp\u00edada do Desporto Escolar &#8211; Gymnasiade 2023,\u00a0em primeiro lugar. A delega\u00e7\u00e3o brasileira conquistou 88 medalhas de ouro, 91 de prata e 103 de bronze. Em segundo lugar, ficou a China, com\u00a097 medalhas, e, em terceiro,\u00a0Taipei Chinesa, com 67. Mais de 1,4 mil atletas da categoria sub-15, representando 46 pa\u00edses, participaram do evento esportivo nos mesmos equipamentos dos Jogos de 2016, na cidade do Rio de Janeiro.<img decoding=\"async\" src=\"https:\/\/agenciabrasil.ebc.com.br\/ebc.png?id=1551853&amp;o=node\" \/><img decoding=\"async\" src=\"https:\/\/agenciabrasil.ebc.com.br\/ebc.gif?id=1551853&amp;o=node\" \/><\/p>\n<p>Para o presidente da Confedera\u00e7\u00e3o Brasileira do Desporto Escolar (CBDE) e vice-presidente da Federa\u00e7\u00e3o Internacional do Desporto Escolar (ISF), Ant\u00f4nio Hora Filho, a vit\u00f3ria do Brasil consolida um trabalho que busca estimular o esporte nas escolas, gerando educa\u00e7\u00e3o e agindo diretamente na forma\u00e7\u00e3o do cidad\u00e3o. \u201cGra\u00e7as ao governo federal, ap\u00f3s dez anos, a maior competi\u00e7\u00e3o escolar do mundo retornou ao nosso pa\u00eds, e o sentimento \u00e9 de gratid\u00e3o n\u00e3o s\u00f3 a nossa delega\u00e7\u00e3o pela campanha hist\u00f3rica no Rio de Janeiro, mas tamb\u00e9m a todas as federa\u00e7\u00f5es escolares que fazem essa engrenagem vitoriosa acontecer\u201d, disse em mensagem enviada \u00e0\u00a0<strong>Ag\u00eancia Brasil<\/strong>.<\/p>\n<p>O secret\u00e1rio de Estado de Esporte e Lazer do Rio de Janeiro, Rafael Picciani, considerou o resultado do Brasil um grande feito n\u00e3o s\u00f3 para o pa\u00eds, mas tamb\u00e9m para o Rio de Janeiro, que sediou a competi\u00e7\u00e3o. \u201cAl\u00e9m de fomentar o desporto escolar, o evento fez uso do legado ol\u00edmpico, permitiu reviver toda a emo\u00e7\u00e3o de receber atletas do mundo inteiro aqui e estimulou participa\u00e7\u00e3o popular, com entrada franca todos os dias. Foi uma grande alegria ver o Brasil bater recorde em tamanho da delega\u00e7\u00e3o e fechar o quadro de medalhas em primeiro lugar.\u201d<\/p>\n<p>O Brasil tamb\u00e9m foi sede da\u00a0Gymnasiade em 2013. Naquele ano, a competi\u00e7\u00e3o ocorreu\u00a0em Bras\u00edlia,\u00a0reunindo atletas da\u00a0categoria sub-18.<\/p>\n<p>As provas da Gymnasiade 2023 ocorreram em 18 modalidades: tiro com arco, atletismo, badminton, basquete 3&#215;3, boxe, carat\u00ea, dan\u00e7a esportiva, esgrima, gin\u00e1stica art\u00edstica, gin\u00e1stica r\u00edtmica, jud\u00f4, orienta\u00e7\u00e3o, nata\u00e7\u00e3o paral\u00edmpica, nata\u00e7\u00e3o, t\u00eanis de mesa, taekwondo, wrestling e xadrez.<\/p>\n<p>Sebasti\u00e3o Dias de Oliveira, treinador de tr\u00eas integrantes da delega\u00e7\u00e3o de badminton (foto), ficou satisfeito com os resultados da modalidade. \u201cTotal de oito\u00a0medalhas: tr\u00eas de\u00a0prata, cinco de\u00a0bronze\u201d, comemorou\u00a0o treinador, ao falar sobre\u00a0o desempenho dos atletas brasileiros de badminton na Olimp\u00edada do Desporto Escolar. Segundo ele, um dos destaques foi a equipe carioca.\u00a0\u201cChegamos a tr\u00eas finais.\u201d<\/p>\n<p>Uma das medalhistas na modalidade\u00a0\u00e9 a jovem Yasmim Nascimento, de 14 anos, que conquistou duas\u00a0pratas em dupla mista\u00a0e um\u00a0bronze no simples.<\/p>\n<h2>Brasil<\/h2>\n<p>A maior delega\u00e7\u00e3o foi a brasileira, que participou com 404 integrantes e 323 estudantes atletas, sendo 161 mulheres e 162 homens de todos os estados do pa\u00eds, o que, para o presidente da CBDE, \u00e9 resultado das a\u00e7\u00f5es pr\u00f3-equidade desenvolvidas pela entidade.<\/p>\n<p>\u201cSignifica dizer que a pol\u00edtica de equidade da CBDE vem fazendo efeitos ben\u00e9ficos para a nossa sociedade incluindo a mulher definitivamente no esporte\u201d, ressaltou\u00a0Ant\u00f4nio Hora Filho\u00a0na coletiva para a apresenta\u00e7\u00e3o do evento esportivo, no dia 18, no Centro Ol\u00edmpico de T\u00eanis, no Parque Ol\u00edmpico da Barra da Tijuca, na zona oeste do Rio.<\/p>\n<p>Os locais de competi\u00e7\u00e3o foram as arenas cariocas 1 e 2, no Centro Ol\u00edmpico de T\u00eanis e Vila Ol\u00edmpica, instalados no Parque Ol\u00edmpico da Barra da Tijuca; Arena da Juventude, no Complexo Esportivo de Deodoro; e Complexo Esportivo da Universidade da For\u00e7a A\u00e9rea (Unifa), em Sulacap. Todos esses equipamentos est\u00e3o na zona oeste da cidade.<\/p>\n<h2>Interc\u00e2mbio cultural<\/h2>\n<p>As equipes chegaram ao Rio nos dias 18 e 19, e o evento foi aberto no dia 20. As competi\u00e7\u00f5es ocorreram nos dias 21, 22, 24 e 25, com encerramento no s\u00e1bado (26). A programa\u00e7\u00e3o dos jovens n\u00e3o ficou restrita a eventos esportivos. Na quarta-feira (23), as competi\u00e7\u00f5es foram interrompidas e eles tiveram oportunidade de participar do Dia Cultural e da Noite das Na\u00e7\u00f5es. Os atletas tamb\u00e9m visitaram pontos tur\u00edsticos e cart\u00f5es-postais\u00a0do Rio, como Corcovado, P\u00e3o de A\u00e7\u00facar e a Praia de Copacabana.<\/p>\n<p>O evento teve tamb\u00e9m uma \u00e1rea de Fun Fest com programa\u00e7\u00f5es di\u00e1rias de entretenimentos. Na Noite das Na\u00e7\u00f5es, as delega\u00e7\u00f5es puderam expor objetos t\u00edpicos das culturas de seus pa\u00edses para trocas\u00a0entre os participantes. Cada pa\u00eds fez uma apresenta\u00e7\u00e3o cultural e levou uma comida t\u00edpica. A inten\u00e7\u00e3o foi fazer uma grande intera\u00e7\u00e3o cultural. O retorno das delega\u00e7\u00f5es para os seus pa\u00edses foi nos dias 27 e 28.<\/p>\n<p>Lutadora da equipe brasileira de taekwondo,\u00a0Ana Clara Aguiar, de 14 anos, veio de Goi\u00e1s e gostou da sua primeira competi\u00e7\u00e3o internacional. A jovem destacou que conheceu pessoas e novos esportes e\u00a0trocou experi\u00eancias com outros atletas.<\/p>\n<p>A ginasta carioca Isabel Aguiar Ramos, de 13 anos, que conquistou a medalha de ouro na gin\u00e1stica art\u00edstica, era uma dos 71 competidores do TimeRJ, entre eles, 16 beneficiados pelo programa Bolsa Atleta RJ. Isabel agradeceu o apoio que recebeu da torcida e disse que estava muito feliz por poder participar da Gymnasiade 2023. A medalhista ol\u00edmpica Daniele Hypolito foi quem entregou o ouro para a jovem.<\/p>\n<p>A Gymnasiade 2023 foi organizada pela Federa\u00e7\u00e3o Internacional do Desporto Escolar (ISF) em parceria com a Confedera\u00e7\u00e3o Brasileira do Desporto Escolar (CBDE) e contou com o apoio do governo do Estado do Rio de Janeiro, por meio da Secretaria de Estado de Esporte e Lazer, do Sesc Rio, da Federa\u00e7\u00e3o de Esportes Estudantis do Rio de Janeiro (FEERJ), da prefeitura do Rio e do Minist\u00e9rio do Esporte.<\/p>\n<p><span style=\"font-weight: 400;\">Fonte: Ag\u00eancia Brasil <\/span><\/p>\n","protected":false},"excerpt":{"rendered":"<p>Com 282 medalhas, o\u00a0Brasil terminou a Olimp\u00edada do Desporto Escolar &#8211; Gymnasiade 2023,\u00a0em primeiro lugar. A delega\u00e7\u00e3o brasileira conquistou 88 medalhas de ouro, 91 de prata e 103 de bronze. Em segundo lugar, ficou a China, com\u00a097 medalhas, e, em terceiro,\u00a0Taipei Chinesa, com 67. Mais de 1,4 mil atletas da categoria sub-15, representando 46 pa\u00edses, [&hellip;]<\/p>\n","protected":false},"author":246,"featured_media":217628,"comment_status":"closed","ping_status":"closed","sticky":false,"template":"","format":"standard","meta":{"footnotes":""},"categories":[436,257,439],"tags":[],"class_list":["post-217627","post","type-post","status-publish","format-standard","has-post-thumbnail","hentry","category-destaque-da-semana","category-esporte","category-ultima-hora"],"_links":{"self":[{"href":"https:\/\/diarioregionaldigital.com.br\/index.php?rest_route=\/wp\/v2\/posts\/217627","targetHints":{"allow":["GET"]}}],"collection":[{"href":"https:\/\/diarioregionaldigital.com.br\/index.php?rest_route=\/wp\/v2\/posts"}],"about":[{"href":"https:\/\/diarioregionaldigital.com.br\/index.php?rest_route=\/wp\/v2\/types\/post"}],"author":[{"embeddable":true,"href":"https:\/\/diarioregionaldigital.com.br\/index.php?rest_route=\/wp\/v2\/users\/246"}],"replies":[{"embeddable":true,"href":"https:\/\/diarioregionaldigital.com.br\/index.php?rest_route=%2Fwp%2Fv2%2Fcomments&post=217627"}],"version-history":[{"count":1,"href":"https:\/\/diarioregionaldigital.com.br\/index.php?rest_route=\/wp\/v2\/posts\/217627\/revisions"}],"predecessor-version":[{"id":217629,"href":"https:\/\/diarioregionaldigital.com.br\/index.php?rest_route=\/wp\/v2\/posts\/217627\/revisions\/217629"}],"wp:featuredmedia":[{"embeddable":true,"href":"https:\/\/diarioregionaldigital.com.br\/index.php?rest_route=\/wp\/v2\/media\/217628"}],"wp:attachment":[{"href":"https:\/\/diarioregionaldigital.com.br\/index.php?rest_route=%2Fwp%2Fv2%2Fmedia&parent=217627"}],"wp:term":[{"taxonomy":"category","embeddable":true,"href":"https:\/\/diarioregionaldigital.com.br\/index.php?rest_route=%2Fwp%2Fv2%2Fcategories&post=217627"},{"taxonomy":"post_tag","embeddable":true,"href":"https:\/\/diarioregionaldigital.com.br\/index.php?rest_route=%2Fwp%2Fv2%2Ftags&post=217627"}],"curies":[{"name":"wp","href":"https:\/\/api.w.org\/{rel}","templated":true}]}}