{"id":217624,"date":"2023-08-29T19:28:45","date_gmt":"2023-08-29T22:28:45","guid":{"rendered":"https:\/\/diarioregionaldigital.com.br\/?p=217624"},"modified":"2023-08-29T19:28:45","modified_gmt":"2023-08-29T22:28:45","slug":"diniz-convoca-raphinha-para-selecao-brasileira-apos-corte-de-vini-jr","status":"publish","type":"post","link":"https:\/\/diarioregionaldigital.com.br\/?p=217624","title":{"rendered":"Diniz convoca Raphinha para sele\u00e7\u00e3o brasileira, ap\u00f3s corte de Vini Jr"},"content":{"rendered":"<p>O atacante Vinicius J\u00fanior, atualmente no Real Madrid, est\u00e1 fora da sele\u00e7\u00e3o brasileira nas duas primeiras partidas das Eliminat\u00f3rias Sul-Americanas para a Copa do Mundo 2026, nos pr\u00f3ximos dias 8 e 12 de setembro.\u00a0A primeira baixa na<a href=\"https:\/\/agenciabrasil.ebc.com.br\/esportes\/noticia\/2023-08\/diniz-faz-primeira-convocacao-para-eliminatorias-da-copa-do-mundo-2026\"><strong>\u00a0lista de convocados<\/strong><\/a> foi anunciada nesta ter\u00e7a-feira (29) pela CBF. Segundo nota oficial da entidade, o t\u00e9cnico Fernando Diniz convocou Raphinha, do Barcelona, para substituir Vini Jr no ataque. A \u00faltima vez que Raphinha defendeu a amarelinha foi na Copa do Catar, quando a sele\u00e7\u00e3o era comandada por Tite.<\/p>\n<p>De acordo com a CBF, o m\u00e9dico da sele\u00e7\u00e3o Rodrigo Lasmar analisou o laudo dos exames de Vini Jr, enviados pelo departamento m\u00e9dico do Real Madrid, e atestou a les\u00e3o muscular na regi\u00e3o posterior da coxa direita.<\/p>\n<p>Na \u00faltima sexta (25), Vini Jr. se machucou durante partida do Real Madrid contra o Celta de Vigo, \u00a0pelo Campeonato Espanhol. A estimativa de recupera\u00e7\u00e3o do brasileiro \u00e9 de at\u00e9 seis semanas.<\/p>\n<p>Os jogadores convocados por Diniz come\u00e7am a se apresentar \u00e0 sele\u00e7\u00e3o na noite da pr\u00f3xima segunda (4 de setembro) em Bel\u00e9m do Par\u00e1, onde ser\u00e1 a estreia da equipe nas Eliminat\u00f3rias. O Brasil enfrenta\u00a0a Bol\u00edvia, em\u00a08 de setembro (sexta-feira), \u00e0s 21h45 (hor\u00e1rio de Bras\u00edlia), no rec\u00e9m-inaugurado Est\u00e1dio Ol\u00edmpico do Par\u00e1, o Mangueir\u00e3o, na capital paraense.\u00a0Quatro dias depois, a sele\u00e7\u00e3o visita o Peru, \u00e0s 23h, na capital Lima.<\/p>\n<p>As Eliminat\u00f3rias Sul-Americanas re\u00fanem ao todo 10 pa\u00edses.\u00a0Os seis primeiros colocados ao fim das 18 rodadas, asseguram vaga direta no Mundial. H\u00e1 ainda uma s\u00e9tima vaga para o continente sul-americano, que ser\u00e1 disputada na repescagem. A Copa de 2026, a primeira com 48 sele\u00e7\u00f5es, ser\u00e1 realizada nos Estados Unidos, Canad\u00e1 e M\u00e9xico.<\/p>\n<p><span style=\"font-weight: 400;\">Fonte: Ag\u00eancia Brasil <\/span><\/p>\n","protected":false},"excerpt":{"rendered":"<p>O atacante Vinicius J\u00fanior, atualmente no Real Madrid, est\u00e1 fora da sele\u00e7\u00e3o brasileira nas duas primeiras partidas das Eliminat\u00f3rias Sul-Americanas para a Copa do Mundo 2026, nos pr\u00f3ximos dias 8 e 12 de setembro.\u00a0A primeira baixa na\u00a0lista de convocados foi anunciada nesta ter\u00e7a-feira (29) pela CBF. Segundo nota oficial da entidade, o t\u00e9cnico Fernando Diniz [&hellip;]<\/p>\n","protected":false},"author":246,"featured_media":217625,"comment_status":"closed","ping_status":"closed","sticky":false,"template":"","format":"standard","meta":{"footnotes":""},"categories":[436,440,257,439],"tags":[],"class_list":["post-217624","post","type-post","status-publish","format-standard","has-post-thumbnail","hentry","category-destaque-da-semana","category-destaques-do-dia","category-esporte","category-ultima-hora"],"_links":{"self":[{"href":"https:\/\/diarioregionaldigital.com.br\/index.php?rest_route=\/wp\/v2\/posts\/217624","targetHints":{"allow":["GET"]}}],"collection":[{"href":"https:\/\/diarioregionaldigital.com.br\/index.php?rest_route=\/wp\/v2\/posts"}],"about":[{"href":"https:\/\/diarioregionaldigital.com.br\/index.php?rest_route=\/wp\/v2\/types\/post"}],"author":[{"embeddable":true,"href":"https:\/\/diarioregionaldigital.com.br\/index.php?rest_route=\/wp\/v2\/users\/246"}],"replies":[{"embeddable":true,"href":"https:\/\/diarioregionaldigital.com.br\/index.php?rest_route=%2Fwp%2Fv2%2Fcomments&post=217624"}],"version-history":[{"count":1,"href":"https:\/\/diarioregionaldigital.com.br\/index.php?rest_route=\/wp\/v2\/posts\/217624\/revisions"}],"predecessor-version":[{"id":217626,"href":"https:\/\/diarioregionaldigital.com.br\/index.php?rest_route=\/wp\/v2\/posts\/217624\/revisions\/217626"}],"wp:featuredmedia":[{"embeddable":true,"href":"https:\/\/diarioregionaldigital.com.br\/index.php?rest_route=\/wp\/v2\/media\/217625"}],"wp:attachment":[{"href":"https:\/\/diarioregionaldigital.com.br\/index.php?rest_route=%2Fwp%2Fv2%2Fmedia&parent=217624"}],"wp:term":[{"taxonomy":"category","embeddable":true,"href":"https:\/\/diarioregionaldigital.com.br\/index.php?rest_route=%2Fwp%2Fv2%2Fcategories&post=217624"},{"taxonomy":"post_tag","embeddable":true,"href":"https:\/\/diarioregionaldigital.com.br\/index.php?rest_route=%2Fwp%2Fv2%2Ftags&post=217624"}],"curies":[{"name":"wp","href":"https:\/\/api.w.org\/{rel}","templated":true}]}}