{"id":217621,"date":"2023-08-29T19:24:55","date_gmt":"2023-08-29T22:24:55","guid":{"rendered":"https:\/\/diarioregionaldigital.com.br\/?p=217621"},"modified":"2023-08-29T19:24:55","modified_gmt":"2023-08-29T22:24:55","slug":"maia-mantem-veto-a-fotografo-na-cpmi-e-refaz-regra-para-imprensa","status":"publish","type":"post","link":"https:\/\/diarioregionaldigital.com.br\/?p=217621","title":{"rendered":"Maia mant\u00e9m veto a fot\u00f3grafo na CPMI e refaz regra para imprensa"},"content":{"rendered":"<p>Presidente da Comiss\u00e3o Parlamentar Mista de Inqu\u00e9rito (CPMI) que apura os atos golpistas de 8 de janeiro, o deputado federal Arthur Maia (Uni\u00e3o-BA) (foto) manteve nesta ter\u00e7a-feira (29), em Bras\u00edlia, a proibi\u00e7\u00e3o do fot\u00f3grafo da\u00a0<strong>Empresa Brasil de Comunica\u00e7\u00e3o (EBC)<\/strong>\u00a0Lula Marques\u00a0de cobrir as sess\u00f5es da CPMI. \u00a0<img decoding=\"async\" src=\"https:\/\/agenciabrasil.ebc.com.br\/ebc.png?id=1551739&amp;o=node\" \/><img decoding=\"async\" src=\"https:\/\/agenciabrasil.ebc.com.br\/ebc.gif?id=1551739&amp;o=node\" \/><\/p>\n<p>Ele tamb\u00e9m suprimiu a regra que editou nesta segunda-feira (28) que proibia jornalistas de publicar informa\u00e7\u00f5es classificadas como confidenciais pela CPMI.<\/p>\n<p>Maia disse que recebeu uma reclama\u00e7\u00e3o de um parlamentar que teve uma conversa em aplicativo de mensagem publicada pelo profissional\u00a0e, por isso, decidiu cassar a credencial do fotojornalista.<\/p>\n<p>\u201c\u00c9 inaceit\u00e1vel que venham para c\u00e1 profissionais de imprensa para, ao inv\u00e9s de cobrir os trabalhos que interessam \u00e0 sociedade brasileira, fiquem preocupados em devassar a intimidade alheia. Determinei o cancelamento dessa credencial e essa \u00e9 uma medida que manteremos\u201d, justificou Maia, acrescentando que o direito \u00e0 intimidade \u201c\u00e9 um direito sagrado\u201d.<\/p>\n<p>A\u00a0<strong>EBC<\/strong>, a Associa\u00e7\u00e3o Brasileira de Imprensa (ABI), a Federa\u00e7\u00e3o Nacional dos Jornalistas (Fenaj) e o Sindicato dos Jornalistas Profissionais do Distrito Federal (SJPDF)\u00a0<a href=\"http:\/\/agenciabrasil.ebc.com.br\/geral\/noticia\/2023-08\/ebc-e-abi-pedem-revogacao-de-descredenciamento-de-fotografo-em-cpmi\" target=\"_blank\" rel=\"noopener\">repudiaram<\/a>\u00a0o\u00a0<a href=\"http:\/\/agenciabrasil.ebc.com.br\/politica\/noticia\/2023-08\/presidente-da-cpi-do-8-de-janeiro-impoe-restricoes-imprensa\" target=\"_blank\" rel=\"noopener\">descredenciamento do profissional<\/a>.<\/p>\n<h2>Informa\u00e7\u00f5es confidenciais<\/h2>\n<p>Em consequ\u00eancia da proibi\u00e7\u00e3o imposta ao fotojornalista Lula Marques de trabalhar na CPMI, Arthur Maia publicou nessa segunda-feira (28) novas regras para o credenciamento da imprensa na comiss\u00e3o. Por\u00e9m, o parlamentar voltou atr\u00e1s em um dos pontos da nova determina\u00e7\u00e3o. Ele pediu para excluir o dispositivo que proibia a publica\u00e7\u00e3o de informa\u00e7\u00f5es consideradas sigilosas pela comiss\u00e3o.<\/p>\n<p>\u201cMuitas vezes a imprensa publica, e n\u00e3o \u00e9 s\u00f3 nessa CPMI, documentos que est\u00e3o sob sigilo e esses documentos ganham publicidade e voc\u00ea n\u00e3o sabe a origem e, portanto, n\u00e3o posso responsabilizar o jornalista que est\u00e1 aqui, seria uma incongru\u00eancia, seria algo errado\u201d, explicou o parlamentar.<\/p>\n<h2>Repercuss\u00e3o<\/h2>\n<p>A decis\u00e3o de proibir o trabalho do fotojornalista Lula Marques repercutiu entre os parlamentares da CPMI. O deputado federal Paulo Magalh\u00e3es (PSD-BA) pediu para Maia reconsiderar a decis\u00e3o. \u201cVossa excel\u00eancia extrapola o direito impedindo o acesso do jornalista. Vossa excel\u00eancia n\u00e3o gostaria de repensar? Ou ent\u00e3o colocar\u00edamos em vota\u00e7\u00e3o\u201d, ponderou Magalh\u00e3es.<\/p>\n<p>Maia respondeu que poderia mudar de posi\u00e7\u00e3o se o jornalista se retratasse e prometesse n\u00e3o mais tirar foto de conversas feitas nos telefones de parlamentares.<\/p>\n<p>O senador Jorge Seif (PL-SC), que foi quem teve o celular fotografado, apoiou a decis\u00e3o de Maia. \u201cN\u00e3o \u00e9 poss\u00edvel que n\u00f3s aceitemos que o senhor credenciou diversos jornalistas e um deles venha aqui para fotografar conversas pessoais. O exerc\u00edcio de empatia que fa\u00e7o com todos os deputados e senadores aqui presentes \u00e9: se o seu celular fosse fotografado? Qual seria sua atitude?\u201d, destacou.<\/p>\n<p>Para o senador Espiridi\u00e3o Amim (PP-SC), os parlamentares \u00e9 que t\u00eam que tomar o cuidado para n\u00e3o serem fotografados. \u201cIsso \u00e9 trabalho do jornalista. A gente que tem que se cuidar. Isso n\u00e3o \u00e9 invas\u00e3o de privacidade. Eu que estou expondo minha privacidade quando fico passando mensagem sem ter o cuidado\u201d, explicou.<\/p>\n<h2>O fot\u00f3grafo<\/h2>\n<p>Perguntado pela\u00a0<strong>Ag\u00eancia Brasil<\/strong>, o fotojornalista Lula Marques comentou que j\u00e1 fotografou assuntos privados na tela de celulares de autoridades, mas que nunca publicou porque n\u00e3o tem interesse p\u00fablico. Segundo ele, \u201cse a informa\u00e7\u00e3o \u00e9 de interesse p\u00fablico, se tem rela\u00e7\u00e3o com a atividade pol\u00edtica, tem que publicar\u201d. Marques antecipou que n\u00e3o vai se retratar, como solicitado pelo presidente da CPMI.<\/p>\n<h2>Fenaj<\/h2>\n<p>A Federa\u00e7\u00e3o Nacional dos Jornalistas (Fenaj) disse que foi acertada a decis\u00e3o de Maia de rever a proibi\u00e7\u00e3o da divulga\u00e7\u00e3o de informa\u00e7\u00f5es sob sigilo por considerar que o ato \u00e9 uma censura pr\u00e9via.<\/p>\n<p>\u201cLembramos que a obstru\u00e7\u00e3o direta ou indireta \u00e0 livre divulga\u00e7\u00e3o da informa\u00e7\u00e3o, a aplica\u00e7\u00e3o de censura e a indu\u00e7\u00e3o \u00e0 autocensura s\u00e3o delitos contra a sociedade\u201d, destacou a presidenta da Fenaj, Samira de Castro. Sobre a proibi\u00e7\u00e3o da atua\u00e7\u00e3o do fotografo Lula Marques, Samira considera que \u00e9 um erro do presidente da CPMI.<\/p>\n<p>\u201cComo figuras p\u00fablicas, os parlamentares est\u00e3o ali em seu local de trabalho, e as conversas mantidas em seus aparelhos celulares, quando tratam de temas de interesse p\u00fablico, como no caso concreto, podem ser divulgadas, sim\u201d, afirmou.<\/p>\n<p><span style=\"font-weight: 400;\">Fonte: Ag\u00eancia Brasil <\/span><\/p>\n","protected":false},"excerpt":{"rendered":"<p>Presidente da Comiss\u00e3o Parlamentar Mista de Inqu\u00e9rito (CPMI) que apura os atos golpistas de 8 de janeiro, o deputado federal Arthur Maia (Uni\u00e3o-BA) (foto) manteve nesta ter\u00e7a-feira (29), em Bras\u00edlia, a proibi\u00e7\u00e3o do fot\u00f3grafo da\u00a0Empresa Brasil de Comunica\u00e7\u00e3o (EBC)\u00a0Lula Marques\u00a0de cobrir as sess\u00f5es da CPMI. \u00a0 Ele tamb\u00e9m suprimiu a regra que editou nesta segunda-feira [&hellip;]<\/p>\n","protected":false},"author":246,"featured_media":217622,"comment_status":"closed","ping_status":"closed","sticky":false,"template":"","format":"standard","meta":{"footnotes":""},"categories":[436,254,439],"tags":[],"class_list":["post-217621","post","type-post","status-publish","format-standard","has-post-thumbnail","hentry","category-destaque-da-semana","category-politica","category-ultima-hora"],"_links":{"self":[{"href":"https:\/\/diarioregionaldigital.com.br\/index.php?rest_route=\/wp\/v2\/posts\/217621","targetHints":{"allow":["GET"]}}],"collection":[{"href":"https:\/\/diarioregionaldigital.com.br\/index.php?rest_route=\/wp\/v2\/posts"}],"about":[{"href":"https:\/\/diarioregionaldigital.com.br\/index.php?rest_route=\/wp\/v2\/types\/post"}],"author":[{"embeddable":true,"href":"https:\/\/diarioregionaldigital.com.br\/index.php?rest_route=\/wp\/v2\/users\/246"}],"replies":[{"embeddable":true,"href":"https:\/\/diarioregionaldigital.com.br\/index.php?rest_route=%2Fwp%2Fv2%2Fcomments&post=217621"}],"version-history":[{"count":1,"href":"https:\/\/diarioregionaldigital.com.br\/index.php?rest_route=\/wp\/v2\/posts\/217621\/revisions"}],"predecessor-version":[{"id":217623,"href":"https:\/\/diarioregionaldigital.com.br\/index.php?rest_route=\/wp\/v2\/posts\/217621\/revisions\/217623"}],"wp:featuredmedia":[{"embeddable":true,"href":"https:\/\/diarioregionaldigital.com.br\/index.php?rest_route=\/wp\/v2\/media\/217622"}],"wp:attachment":[{"href":"https:\/\/diarioregionaldigital.com.br\/index.php?rest_route=%2Fwp%2Fv2%2Fmedia&parent=217621"}],"wp:term":[{"taxonomy":"category","embeddable":true,"href":"https:\/\/diarioregionaldigital.com.br\/index.php?rest_route=%2Fwp%2Fv2%2Fcategories&post=217621"},{"taxonomy":"post_tag","embeddable":true,"href":"https:\/\/diarioregionaldigital.com.br\/index.php?rest_route=%2Fwp%2Fv2%2Ftags&post=217621"}],"curies":[{"name":"wp","href":"https:\/\/api.w.org\/{rel}","templated":true}]}}