{"id":217615,"date":"2023-08-29T19:22:43","date_gmt":"2023-08-29T22:22:43","guid":{"rendered":"https:\/\/diarioregionaldigital.com.br\/?p=217615"},"modified":"2023-08-29T19:22:43","modified_gmt":"2023-08-29T22:22:43","slug":"ministro-de-minas-e-energia-nega-politizacao-do-apagao","status":"publish","type":"post","link":"https:\/\/diarioregionaldigital.com.br\/?p=217615","title":{"rendered":"Ministro de Minas e Energia nega politiza\u00e7\u00e3o do apag\u00e3o"},"content":{"rendered":"<p>O ministro de Minas Energia, Alexandre Silveira, afirmou, nesta ter\u00e7a-feira (29), que o governo federal n\u00e3o politizou o\u00a0<a href=\"https:\/\/agenciabrasil.ebc.com.br\/geral\/noticia\/2023-08\/ons-confirma-queda-de-energia-em-varios-estados-brasileiros\" target=\"_blank\" rel=\"noopener\">apag\u00e3o energ\u00e9tico do dia 15<\/a>\u00a0ao acionar \u00f3rg\u00e3os federais de intelig\u00eancia e seguran\u00e7a para que participassem das a\u00e7\u00f5es adotadas para esclarecer as causas do problema que afetou a cerca de 29 milh\u00f5es de brasileiros em praticamente todo o pa\u00eds, com exce\u00e7\u00e3o de Roraima.<img decoding=\"async\" src=\"https:\/\/agenciabrasil.ebc.com.br\/ebc.png?id=1551860&amp;o=node\" \/><img decoding=\"async\" src=\"https:\/\/agenciabrasil.ebc.com.br\/ebc.gif?id=1551860&amp;o=node\" \/><\/p>\n<p>\u201cN\u00e3o houve politiza\u00e7\u00e3o\u201d, disse Silveira ao participar da reuni\u00e3o conjunta das comiss\u00f5es de Fiscaliza\u00e7\u00e3o Financeira e Controle e de Minas e Energia, da C\u00e2mara dos Deputados. \u201cS\u00f3 acionamos o Minist\u00e9rio da Justi\u00e7a e Seguran\u00e7a P\u00fablica; a Pol\u00edcia Federal; a Abin [Ag\u00eancia Brasileira de Intelig\u00eancia] e o GSI [Gabinete de Seguran\u00e7a Institucional] porque recebemos do ONS [Operador Nacional do Sistema El\u00e9trico] a not\u00edcia de que, at\u00e9 \u00e0quele momento, n\u00e3o havia nada objetivo que indicasse um motivo t\u00e9cnico que explicasse um evento daquela gravidade\u201d, disse o ministro.<\/p>\n<p>Ap\u00f3s lembrar que, ainda em janeiro, torres de transmiss\u00e3o de energia el\u00e9trica foram derrubadas em diferentes regi\u00f5es do pa\u00eds, supostamente alvos de sabotagem, Silveira revelou ter decidido acionar os \u00f3rg\u00e3os de intelig\u00eancia e seguran\u00e7a por cautela.<\/p>\n<p>\u201cComo ministro de Estado, sabendo da import\u00e2ncia do setor el\u00e9trico, e o que representa um processo de interrup\u00e7\u00e3o do fornecimento de energia, eu tinha a obriga\u00e7\u00e3o [de tomar medidas para esclarecer a hip\u00f3tese de que o apag\u00e3o fosse resultado de uma a\u00e7\u00e3o intencional]. At\u00e9 porque, havia uma s\u00e9rie de circunst\u00e2ncias que me levavam a tomar esta medida mais dr\u00e1stica, pois eu sabia que um evento \u00fanico n\u00e3o seria capaz de causar aquele transtorno\u201d, justificou Silveira, refutando o uso do termo apag\u00e3o.<\/p>\n<p>\u201c\u00c9 s\u00f3 uma nomenclatura, mas prefiro me dirigir ao ocorrido como um evento, e n\u00e3o como um apag\u00e3o, que passa \u00e0 popula\u00e7\u00e3o a impress\u00e3o de que temos qualquer risco de suprimento energ\u00e9tico no pa\u00eds\u201d, disse o ministro, garantindo que o sistema \u00e9 seguro.<\/p>\n<p>Durante a mesma audi\u00eancia, o diretor-geral do ONS, Luiz Carlos Ciocchi,\u00a0<a href=\"https:\/\/agenciabrasil.ebc.com.br\/geral\/noticia\/2023-08\/falha-em-equipamento-de-usina-contribuiu-para-apagao-revela-ons\" target=\"_blank\" rel=\"noopener\">revelou que os especialistas do setor el\u00e9trico j\u00e1 identificaram<\/a>\u00a0ao menos duas causas que contribu\u00edram para gerar o problema.<\/p>\n<p>Al\u00e9m do desligamento da linha de transmiss\u00e3o 500kV Quixad\u00e1-Fortaleza, atribu\u00edda a uma &#8220;atua\u00e7\u00e3o indevida do sistema de prote\u00e7\u00e3o&#8221;, que ainda est\u00e1 sendo analisada, os t\u00e9cnicos identificaram\u00a0<a href=\"https:\/\/agenciabrasil.ebc.com.br\/geral\/noticia\/2023-08\/linha-de-transmissao-desligou-milissegundos-antes-de-apagao\" target=\"_blank\" rel=\"noopener\">falhas em equipamentos, entre eles, o\u00a0regulador de tens\u00e3o de uma usina, que demorou milissegundos al\u00e9m do previsto<\/a>\u00a0para entrar em opera\u00e7\u00e3o ap\u00f3s a falha na linha de transmiss\u00e3o. A demora inesperada sobrecarregou o sistema, gerando um efeito em cascata, disse o diretor da ONS.<\/p>\n<p>Ainda segundo Ciocchi, mesmo ap\u00f3s o restabelecimento integral do fornecimento, o ONS decidiu determinar, por precau\u00e7\u00e3o, que o volume de energia el\u00e9trica dispon\u00edvel na rede que interliga as diferentes regi\u00f5es do pa\u00eds fosse reduzido.<\/p>\n<p>\u201cT\u00ednhamos que cortar a energia trafegando na rede\u201d, revelou Ciocchi. \u201cQuando temos um evento de grandes propor\u00e7\u00f5es cujas causas ainda n\u00e3o est\u00e3o completamente identificadas, o ONS tem a prerrogativa de assumir uma opera\u00e7\u00e3o mais conservadora. O que [neste caso] consistiu na redu\u00e7\u00e3o do fluxo de energia nas linhas de transmiss\u00e3o que conectam a Regi\u00e3o Nordeste \u00e0 Regi\u00e3o Sudeste; o Norte com o Sudeste, e o Norte com o Nordeste\u201d, explicou o diretor-geral do ONS, acrescentando que, por raz\u00f5es operacionais, optou-se pelo \u201ccorte\u201d de parte da produ\u00e7\u00e3o e\u00f3lica e solar.<\/p>\n<p><span style=\"font-weight: 400;\">Fonte: Ag\u00eancia Brasil <\/span><\/p>\n","protected":false},"excerpt":{"rendered":"<p>O ministro de Minas Energia, Alexandre Silveira, afirmou, nesta ter\u00e7a-feira (29), que o governo federal n\u00e3o politizou o\u00a0apag\u00e3o energ\u00e9tico do dia 15\u00a0ao acionar \u00f3rg\u00e3os federais de intelig\u00eancia e seguran\u00e7a para que participassem das a\u00e7\u00f5es adotadas para esclarecer as causas do problema que afetou a cerca de 29 milh\u00f5es de brasileiros em praticamente todo o pa\u00eds, [&hellip;]<\/p>\n","protected":false},"author":246,"featured_media":217616,"comment_status":"closed","ping_status":"closed","sticky":false,"template":"","format":"standard","meta":{"footnotes":""},"categories":[436,254,439],"tags":[],"class_list":["post-217615","post","type-post","status-publish","format-standard","has-post-thumbnail","hentry","category-destaque-da-semana","category-politica","category-ultima-hora"],"_links":{"self":[{"href":"https:\/\/diarioregionaldigital.com.br\/index.php?rest_route=\/wp\/v2\/posts\/217615","targetHints":{"allow":["GET"]}}],"collection":[{"href":"https:\/\/diarioregionaldigital.com.br\/index.php?rest_route=\/wp\/v2\/posts"}],"about":[{"href":"https:\/\/diarioregionaldigital.com.br\/index.php?rest_route=\/wp\/v2\/types\/post"}],"author":[{"embeddable":true,"href":"https:\/\/diarioregionaldigital.com.br\/index.php?rest_route=\/wp\/v2\/users\/246"}],"replies":[{"embeddable":true,"href":"https:\/\/diarioregionaldigital.com.br\/index.php?rest_route=%2Fwp%2Fv2%2Fcomments&post=217615"}],"version-history":[{"count":1,"href":"https:\/\/diarioregionaldigital.com.br\/index.php?rest_route=\/wp\/v2\/posts\/217615\/revisions"}],"predecessor-version":[{"id":217617,"href":"https:\/\/diarioregionaldigital.com.br\/index.php?rest_route=\/wp\/v2\/posts\/217615\/revisions\/217617"}],"wp:featuredmedia":[{"embeddable":true,"href":"https:\/\/diarioregionaldigital.com.br\/index.php?rest_route=\/wp\/v2\/media\/217616"}],"wp:attachment":[{"href":"https:\/\/diarioregionaldigital.com.br\/index.php?rest_route=%2Fwp%2Fv2%2Fmedia&parent=217615"}],"wp:term":[{"taxonomy":"category","embeddable":true,"href":"https:\/\/diarioregionaldigital.com.br\/index.php?rest_route=%2Fwp%2Fv2%2Fcategories&post=217615"},{"taxonomy":"post_tag","embeddable":true,"href":"https:\/\/diarioregionaldigital.com.br\/index.php?rest_route=%2Fwp%2Fv2%2Ftags&post=217615"}],"curies":[{"name":"wp","href":"https:\/\/api.w.org\/{rel}","templated":true}]}}