{"id":217612,"date":"2023-08-29T19:21:01","date_gmt":"2023-08-29T22:21:01","guid":{"rendered":"https:\/\/diarioregionaldigital.com.br\/?p=217612"},"modified":"2023-08-29T19:21:01","modified_gmt":"2023-08-29T22:21:01","slug":"governadores-temem-distorcoes-em-conselho-da-reforma-tributaria","status":"publish","type":"post","link":"https:\/\/diarioregionaldigital.com.br\/?p=217612","title":{"rendered":"Governadores temem distor\u00e7\u00f5es em Conselho da reforma tribut\u00e1ria"},"content":{"rendered":"<p>Em audi\u00eancia p\u00fablica realizada nesta ter\u00e7a-feira (29) no plen\u00e1rio do Senado, 18 governadores ou vice-governadores das cinco regi\u00f5es do Brasil pediram altera\u00e7\u00f5es na Proposta de Emenda \u00e0 Constitui\u00e7\u00e3o (PEC) da Reforma Tribut\u00e1ria. Entre os pontos criticados, o mais mencionado foi o trecho que trata o Conselho Federativo.<img decoding=\"async\" src=\"https:\/\/agenciabrasil.ebc.com.br\/ebc.png?id=1551858&amp;o=node\" \/><img decoding=\"async\" src=\"https:\/\/agenciabrasil.ebc.com.br\/ebc.gif?id=1551858&amp;o=node\" \/><\/p>\n<p>Governadores expressaram preocupa\u00e7\u00e3o com poss\u00edveis distor\u00e7\u00f5es no modelo de governan\u00e7a desse Conselho, que ser\u00e1 o \u00f3rg\u00e3o respons\u00e1vel por fazer a gest\u00e3o dos recursos do Imposto Sobre Bens e Servi\u00e7os (IBS), que deve substituir os atuais tributos estadual (ICMS) e municipal (ISS).<\/p>\n<p>O governador de Alagoas, Paulo Dantas, defendeu que o conselho deve garantir as autonomias dos estados e munic\u00edpios. \u201cComo foi aprovado na C\u00e2mara dos Deputados, ele traz muitos benef\u00edcios para as cidades mais populosas, para as cidades maiores, e traz um preju\u00edzo enorme para as cidades menores do Brasil, que s\u00e3o majorit\u00e1rias no nosso pa\u00eds\u201d, explicou.<\/p>\n<p>A preocupa\u00e7\u00e3o do governador do Amap\u00e1, Cl\u00e9cio Lu\u00eds, \u00e9 a de que alguma regi\u00e3o controle o Conselho Federativo. \u201cSe n\u00f3s tivermos um conselho em que haja uma hegemonia de uma regi\u00e3o sobre a outra, n\u00f3s perdemos todos os princ\u00edpios da Federa\u00e7\u00e3o brasileira, do federalismo\u201d, destacou.<\/p>\n<p>Cl\u00e9cio defendeu ainda que a PEC defina os crit\u00e9rios de governan\u00e7a do Conselho. Pela proposta aprovada na C\u00e2mara, os detalhes sobre a gest\u00e3o do Conselho Federativo ser\u00e3o definidos em lei complementar, a ser aprovada depois da reforma em tramita\u00e7\u00e3o no Congresso.<\/p>\n<p>Os governadores da Bahia, Jer\u00f4nimo Rodrigues, do Piau\u00ed, Rafael Fonteles, e a governadora em exerc\u00edcio do Distrito Federal, Celina Le\u00e3o, defenderam que o Conselho Federativo tenha a mesma representa\u00e7\u00e3o do Senado Federal, ou seja, cada unidade da federa\u00e7\u00e3o com o mesmo peso de voto.<\/p>\n<p>Para Celina Le\u00e3o, \u201co conselho n\u00e3o pode ter uma representa\u00e7\u00e3o pelo n\u00famero de habitantes porque ele fugiria do pacto federativo. Ele precisa ter uma representa\u00e7\u00e3o igualit\u00e1ria\u201d.<\/p>\n<p>Posi\u00e7\u00e3o divergente apresentou o representante do estado de S\u00e3o Paulo. O vice-governador de S\u00e3o Paulo Felicio Ramuth defendeu que o n\u00famero de habitantes de cada ente da federa\u00e7\u00e3o seja levado em conta. \u201cAl\u00e9m da representa\u00e7\u00e3o dos estados, dos munic\u00edpios, de que a participa\u00e7\u00e3o da popula\u00e7\u00e3o de cada regi\u00e3o ou de cada estado tamb\u00e9m seja levada em considera\u00e7\u00e3o dentro do nosso Conselho\u201d, sustentou.<\/p>\n<p>Em uma dura cr\u00edtica ao texto da reforma tribut\u00e1ria, o governador do Goi\u00e1s Ronaldo Caiado defendeu que o Conselho Federativo est\u00e1 assumindo fun\u00e7\u00f5es que deveriam ser do Senado.<\/p>\n<p>\u201cUm Conselho Federativo que vai dizer a mim o que \u00e9 que eu tenho a receber? Eu n\u00e3o aceito que me cassem o direito, que \u00e9 pacto federativo, de que eu tenha autonomia sobre a minha arrecada\u00e7\u00e3o! Isto a\u00ed n\u00e3o \u00e9 reforma tribut\u00e1ria, isso \u00e9 concentra\u00e7\u00e3o de poder\u201d, protestou.<\/p>\n<p>J\u00e1 o governador de Mato Grosso, Mauro Mendes, defendeu que o Conselho Federativo seja eminentemente t\u00e9cnico, sem poder de decis\u00e3o. \u201cEsse conselho federativo precisa ser apenas uma c\u00e2mara de compensa\u00e7\u00e3o e n\u00e3o ter atribui\u00e7\u00e3o de ficar normatizando em cima daquilo que \u00e9 papel deste Congresso Nacional\u201d, destacou.<\/p>\n<h2>Conselho \u00e9 t\u00e9cnico<\/h2>\n<p>Representando o Minist\u00e9rio da Fazenda na audi\u00eancia do Senado, o secret\u00e1rio extraordin\u00e1rio de reforma tribut\u00e1ria da pasta, Bernad Appy, sustentou que o Conselho Federativo ter\u00e1 apenas fun\u00e7\u00f5es t\u00e9cnicas, como a de arrecada\u00e7\u00e3o de impostos, a de compensa\u00e7\u00e3o de d\u00e9bitos e de cr\u00e9ditos e de distribui\u00e7\u00e3o da arrecada\u00e7\u00e3o do IBS para estados e munic\u00edpios.<\/p>\n<p>\u201cO Conselho Federativo apenas far\u00e1 a gest\u00e3o de um algoritmo cujas regras estar\u00e3o definidas na lei complementar definida pelo Congresso Nacional. O Conselho Federativo ser\u00e1 o gestor de um sistema que apenas rodar\u00e1 um algoritmo, ele n\u00e3o ter\u00e1 autonomia para decidir se v\u00e3o mais recursos para um estado ou se v\u00e3o mais recursos para outro estado\u201d, explicou.<\/p>\n<h2>Existem Caminhos<\/h2>\n<p>Ap\u00f3s a manifesta\u00e7\u00e3o dos governadores e vice-governadores, o relator da reforma senador Eduardo Braga (MDB-AM) ponderou que \u00e9 poss\u00edvel desenhar um modelo de Conselho Federativo que atenda a todas as preocupa\u00e7\u00f5es.<\/p>\n<p>Braga citou, como exemplo, o Simples Nacional, que \u00e9 o regime de tributa\u00e7\u00e3o das micro e pequenas empresas \u201cque funciona com sistema centralizado e com comit\u00ea t\u00e9cnico administrativo que compartilha esses recursos sem nenhuma discuss\u00e3o. Portanto, eu acho que existem caminhos\u201d.<\/p>\n<p>\u201cTenho certeza que com a maturidade da alta casa legislativa do Brasil, haveremos de contribuir para que o conselho federativo tenha o formato e as garantias que precisamos dar aos estados e munic\u00edpios para que ele possa funcionar como \u00f3rg\u00e3o t\u00e9cnico administrativo\u201d, concluiu.<\/p>\n<p><span style=\"font-weight: 400;\">Fonte: Ag\u00eancia Brasil <\/span><\/p>\n","protected":false},"excerpt":{"rendered":"<p>Em audi\u00eancia p\u00fablica realizada nesta ter\u00e7a-feira (29) no plen\u00e1rio do Senado, 18 governadores ou vice-governadores das cinco regi\u00f5es do Brasil pediram altera\u00e7\u00f5es na Proposta de Emenda \u00e0 Constitui\u00e7\u00e3o (PEC) da Reforma Tribut\u00e1ria. Entre os pontos criticados, o mais mencionado foi o trecho que trata o Conselho Federativo. Governadores expressaram preocupa\u00e7\u00e3o com poss\u00edveis distor\u00e7\u00f5es no modelo [&hellip;]<\/p>\n","protected":false},"author":246,"featured_media":217613,"comment_status":"closed","ping_status":"closed","sticky":false,"template":"","format":"standard","meta":{"footnotes":""},"categories":[436,440,254,439],"tags":[],"class_list":["post-217612","post","type-post","status-publish","format-standard","has-post-thumbnail","hentry","category-destaque-da-semana","category-destaques-do-dia","category-politica","category-ultima-hora"],"_links":{"self":[{"href":"https:\/\/diarioregionaldigital.com.br\/index.php?rest_route=\/wp\/v2\/posts\/217612","targetHints":{"allow":["GET"]}}],"collection":[{"href":"https:\/\/diarioregionaldigital.com.br\/index.php?rest_route=\/wp\/v2\/posts"}],"about":[{"href":"https:\/\/diarioregionaldigital.com.br\/index.php?rest_route=\/wp\/v2\/types\/post"}],"author":[{"embeddable":true,"href":"https:\/\/diarioregionaldigital.com.br\/index.php?rest_route=\/wp\/v2\/users\/246"}],"replies":[{"embeddable":true,"href":"https:\/\/diarioregionaldigital.com.br\/index.php?rest_route=%2Fwp%2Fv2%2Fcomments&post=217612"}],"version-history":[{"count":1,"href":"https:\/\/diarioregionaldigital.com.br\/index.php?rest_route=\/wp\/v2\/posts\/217612\/revisions"}],"predecessor-version":[{"id":217614,"href":"https:\/\/diarioregionaldigital.com.br\/index.php?rest_route=\/wp\/v2\/posts\/217612\/revisions\/217614"}],"wp:featuredmedia":[{"embeddable":true,"href":"https:\/\/diarioregionaldigital.com.br\/index.php?rest_route=\/wp\/v2\/media\/217613"}],"wp:attachment":[{"href":"https:\/\/diarioregionaldigital.com.br\/index.php?rest_route=%2Fwp%2Fv2%2Fmedia&parent=217612"}],"wp:term":[{"taxonomy":"category","embeddable":true,"href":"https:\/\/diarioregionaldigital.com.br\/index.php?rest_route=%2Fwp%2Fv2%2Fcategories&post=217612"},{"taxonomy":"post_tag","embeddable":true,"href":"https:\/\/diarioregionaldigital.com.br\/index.php?rest_route=%2Fwp%2Fv2%2Ftags&post=217612"}],"curies":[{"name":"wp","href":"https:\/\/api.w.org\/{rel}","templated":true}]}}