{"id":217606,"date":"2023-08-29T19:16:13","date_gmt":"2023-08-29T22:16:13","guid":{"rendered":"https:\/\/diarioregionaldigital.com.br\/?p=217606"},"modified":"2023-08-29T19:16:13","modified_gmt":"2023-08-29T22:16:13","slug":"concessoes-de-rodovias-serao-revistas-a-partir-de-1o-de-setembro","status":"publish","type":"post","link":"https:\/\/diarioregionaldigital.com.br\/?p=217606","title":{"rendered":"Concess\u00f5es de rodovias ser\u00e3o revistas a partir de 1\u00ba de setembro"},"content":{"rendered":"<p>Os contratos de concess\u00e3o de rodovias federais ser\u00e3o revistos e poder\u00e3o ser renovados sem a necessidade de licita\u00e7\u00e3o, mas ter\u00e3o novas regras determinadas por portaria do Minist\u00e9rio dos Transportes, publicada nesta ter\u00e7a-feira (29) no\u00a0<a href=\"https:\/\/www.in.gov.br\/en\/web\/dou\/-\/portaria-n-848-de-25-de-agosto-de-2023-505746177\" target=\"_blank\" rel=\"noopener\"><em>Di\u00e1rio Oficial da Uni\u00e3o<\/em><\/a>. A medida, que entra em vigor a partir de 1\u00ba de setembro, prev\u00ea avalia\u00e7\u00f5es das concess\u00f5es com base na defesa do interesse p\u00fablico, na aplica\u00e7\u00e3o de pre\u00e7os baixos e na execu\u00e7\u00e3o de investimentos em curto prazo.<img decoding=\"async\" src=\"https:\/\/agenciabrasil.ebc.com.br\/ebc.png?id=1551794&amp;o=node\" \/><img decoding=\"async\" src=\"https:\/\/agenciabrasil.ebc.com.br\/ebc.gif?id=1551794&amp;o=node\" \/><\/p>\n<p>Segundo o ministro dos Transportes, Renan Filho, a nova pol\u00edtica p\u00fablica foi baseada em decis\u00e3o do Tribunal de Contas da Uni\u00e3o (TCU) que permite a renegocia\u00e7\u00e3o de contratos, sem necessidade de relicita\u00e7\u00e3o de ativos. Dessa forma, investimentos que estavam parados, por problemas de adequa\u00e7\u00e3o financeira, poder\u00e3o ser remodelados, por meio de termo aditivo.<\/p>\n<p>A renova\u00e7\u00e3o dos chamados contratos estressados foram condicionados \u00e0 medidas como a ren\u00fancia de processos judiciais, a antecipa\u00e7\u00e3o de cronograma e garantia de execu\u00e7\u00e3o das obras, al\u00e9m da moderniza\u00e7\u00e3o das cl\u00e1usulas de acordo com as atuais pol\u00edticas p\u00fablicas e regras objetivas para eventual descumprimento.<\/p>\n<p>Com a mudan\u00e7a, o Minist\u00e9rio dos Transportes projeta investimentos de R$ 40 bilh\u00f5es nos setores ferrovi\u00e1rio e rodovi\u00e1rio, at\u00e9 o fim da gest\u00e3o do atual governo. \u201cOs novos contratos trar\u00e3o maior seguran\u00e7a e previsibilidade jur\u00eddica, o que deve atrair mais investidores e garantir melhorias de infraestrutura nas principais rodovias do pa\u00eds\u201d, explica Renan Filho.<\/p>\n<p>A portaria determina tamb\u00e9m que a Ag\u00eancia Nacional de Transportes Terrestres (ANTT) ser\u00e1 o \u00f3rg\u00e3o respons\u00e1vel por fiscalizar os contratos e realizar a avalia\u00e7\u00e3o t\u00e9cnica da execu\u00e7\u00e3o das obras. E os termos aditivos ser\u00e3o celebrados com a media\u00e7\u00e3o e avalia\u00e7\u00e3o do TCU.<\/p>\n<p><span style=\"font-weight: 400;\"><br \/>\n<\/span><span style=\"font-weight: 400;\">Fonte: Ag\u00eancia Brasil <\/span><\/p>\n","protected":false},"excerpt":{"rendered":"<p>Os contratos de concess\u00e3o de rodovias federais ser\u00e3o revistos e poder\u00e3o ser renovados sem a necessidade de licita\u00e7\u00e3o, mas ter\u00e3o novas regras determinadas por portaria do Minist\u00e9rio dos Transportes, publicada nesta ter\u00e7a-feira (29) no\u00a0Di\u00e1rio Oficial da Uni\u00e3o. A medida, que entra em vigor a partir de 1\u00ba de setembro, prev\u00ea avalia\u00e7\u00f5es das concess\u00f5es com base [&hellip;]<\/p>\n","protected":false},"author":246,"featured_media":217607,"comment_status":"closed","ping_status":"closed","sticky":false,"template":"","format":"standard","meta":{"footnotes":""},"categories":[436,261,439],"tags":[],"class_list":["post-217606","post","type-post","status-publish","format-standard","has-post-thumbnail","hentry","category-destaque-da-semana","category-economia","category-ultima-hora"],"_links":{"self":[{"href":"https:\/\/diarioregionaldigital.com.br\/index.php?rest_route=\/wp\/v2\/posts\/217606","targetHints":{"allow":["GET"]}}],"collection":[{"href":"https:\/\/diarioregionaldigital.com.br\/index.php?rest_route=\/wp\/v2\/posts"}],"about":[{"href":"https:\/\/diarioregionaldigital.com.br\/index.php?rest_route=\/wp\/v2\/types\/post"}],"author":[{"embeddable":true,"href":"https:\/\/diarioregionaldigital.com.br\/index.php?rest_route=\/wp\/v2\/users\/246"}],"replies":[{"embeddable":true,"href":"https:\/\/diarioregionaldigital.com.br\/index.php?rest_route=%2Fwp%2Fv2%2Fcomments&post=217606"}],"version-history":[{"count":1,"href":"https:\/\/diarioregionaldigital.com.br\/index.php?rest_route=\/wp\/v2\/posts\/217606\/revisions"}],"predecessor-version":[{"id":217608,"href":"https:\/\/diarioregionaldigital.com.br\/index.php?rest_route=\/wp\/v2\/posts\/217606\/revisions\/217608"}],"wp:featuredmedia":[{"embeddable":true,"href":"https:\/\/diarioregionaldigital.com.br\/index.php?rest_route=\/wp\/v2\/media\/217607"}],"wp:attachment":[{"href":"https:\/\/diarioregionaldigital.com.br\/index.php?rest_route=%2Fwp%2Fv2%2Fmedia&parent=217606"}],"wp:term":[{"taxonomy":"category","embeddable":true,"href":"https:\/\/diarioregionaldigital.com.br\/index.php?rest_route=%2Fwp%2Fv2%2Fcategories&post=217606"},{"taxonomy":"post_tag","embeddable":true,"href":"https:\/\/diarioregionaldigital.com.br\/index.php?rest_route=%2Fwp%2Fv2%2Ftags&post=217606"}],"curies":[{"name":"wp","href":"https:\/\/api.w.org\/{rel}","templated":true}]}}