{"id":217594,"date":"2023-08-29T04:56:00","date_gmt":"2023-08-29T07:56:00","guid":{"rendered":"https:\/\/diarioregionaldigital.com.br\/?p=217594"},"modified":"2023-08-29T04:56:00","modified_gmt":"2023-08-29T07:56:00","slug":"prefeitura-municipal-de-descoberto-contrato-no061-29-08-2023","status":"publish","type":"post","link":"https:\/\/diarioregionaldigital.com.br\/?p=217594","title":{"rendered":"Prefeitura Municipal de Descoberto &#8211; Contrato n\u00ba061 &#8211; 29\/08\/2023"},"content":{"rendered":"<p style=\"text-align: center;\"><strong>EXTRATO DE CONTRATO<\/strong><\/p>\n<p style=\"text-align: center;\">Pref. Municipal de Descoberto x Casa da Carne Eirelli-ME \u00a0\u2013 Aquisi\u00e7\u00e3o de g\u00eaneros aliment\u00edcios da merenda escolar-a\u00e7ougue \u00a0\u2013 \u00a0Fundamento: Preg\u00e3o n\u00ba 023\/2023 &#8211; Valor Global: R$ 49.446,00 &#8211; Vig\u00eancia: 06 meses &#8211;\u00a0 Dot or\u00e7: 02.02004.12.306.0003.262-339030\/155 \u00a0&#8211; \u00a0\u00a0Ass: 29\/08\/2023 &#8211; Foro: S\u00e3o Jo\u00e3o Nepomuceno\/MG.<\/p>\n<p style=\"text-align: center;\"><strong>Marcos de Ara\u00fajo Lima<\/strong><\/p>\n<p style=\"text-align: center;\"><strong>Prefeito Municipal<\/strong><\/p>\n","protected":false},"excerpt":{"rendered":"<p>EXTRATO DE CONTRATO Pref. Municipal de Descoberto x Casa da Carne Eirelli-ME \u00a0\u2013 Aquisi\u00e7\u00e3o de g\u00eaneros aliment\u00edcios da merenda escolar-a\u00e7ougue \u00a0\u2013 \u00a0Fundamento: Preg\u00e3o n\u00ba 023\/2023 &#8211; Valor Global: R$ 49.446,00 &#8211; Vig\u00eancia: 06 meses &#8211;\u00a0 Dot or\u00e7: 02.02004.12.306.0003.262-339030\/155 \u00a0&#8211; \u00a0\u00a0Ass: 29\/08\/2023 &#8211; Foro: S\u00e3o Jo\u00e3o Nepomuceno\/MG. Marcos de Ara\u00fajo Lima Prefeito Municipal<\/p>\n","protected":false},"author":96,"featured_media":0,"comment_status":"closed","ping_status":"closed","sticky":false,"template":"","format":"standard","meta":{"footnotes":""},"categories":[307],"tags":[],"class_list":["post-217594","post","type-post","status-publish","format-standard","hentry","category-editais"],"_links":{"self":[{"href":"https:\/\/diarioregionaldigital.com.br\/index.php?rest_route=\/wp\/v2\/posts\/217594","targetHints":{"allow":["GET"]}}],"collection":[{"href":"https:\/\/diarioregionaldigital.com.br\/index.php?rest_route=\/wp\/v2\/posts"}],"about":[{"href":"https:\/\/diarioregionaldigital.com.br\/index.php?rest_route=\/wp\/v2\/types\/post"}],"author":[{"embeddable":true,"href":"https:\/\/diarioregionaldigital.com.br\/index.php?rest_route=\/wp\/v2\/users\/96"}],"replies":[{"embeddable":true,"href":"https:\/\/diarioregionaldigital.com.br\/index.php?rest_route=%2Fwp%2Fv2%2Fcomments&post=217594"}],"version-history":[{"count":1,"href":"https:\/\/diarioregionaldigital.com.br\/index.php?rest_route=\/wp\/v2\/posts\/217594\/revisions"}],"predecessor-version":[{"id":217595,"href":"https:\/\/diarioregionaldigital.com.br\/index.php?rest_route=\/wp\/v2\/posts\/217594\/revisions\/217595"}],"wp:attachment":[{"href":"https:\/\/diarioregionaldigital.com.br\/index.php?rest_route=%2Fwp%2Fv2%2Fmedia&parent=217594"}],"wp:term":[{"taxonomy":"category","embeddable":true,"href":"https:\/\/diarioregionaldigital.com.br\/index.php?rest_route=%2Fwp%2Fv2%2Fcategories&post=217594"},{"taxonomy":"post_tag","embeddable":true,"href":"https:\/\/diarioregionaldigital.com.br\/index.php?rest_route=%2Fwp%2Fv2%2Ftags&post=217594"}],"curies":[{"name":"wp","href":"https:\/\/api.w.org\/{rel}","templated":true}]}}