{"id":217592,"date":"2023-08-29T04:54:30","date_gmt":"2023-08-29T07:54:30","guid":{"rendered":"https:\/\/diarioregionaldigital.com.br\/?p=217592"},"modified":"2023-08-29T04:54:30","modified_gmt":"2023-08-29T07:54:30","slug":"associacao-atletica-vasco-da-gama-convocacao-29-08-2023","status":"publish","type":"post","link":"https:\/\/diarioregionaldigital.com.br\/?p=217592","title":{"rendered":"Associa\u00e7\u00e3o Atl\u00e9tica Vasco da Gama &#8211; Convoca\u00e7\u00e3o &#8211; 29\/08\/2023"},"content":{"rendered":"<p style=\"text-align: center;\"><strong>ASSOCIA\u00c7\u00c3O ATL\u00c9TICA VASCO DA GAMA.<\/strong><\/p>\n<p style=\"text-align: center;\">CNPJ sob o n\u00ba 21.585.351\/0001-81.<\/p>\n<p style=\"text-align: center;\"><strong>CONVOCA\u00c7\u00c3O DE ASSEMBL\u00c9IA GERAL EXTRAORDIN\u00c1RIA.<\/strong><\/p>\n<p style=\"text-align: center;\">Prezados(as) Senhores(as)<\/p>\n<p style=\"text-align: center;\">A Presidente da Associa\u00e7\u00e3o Atl\u00e9tica Vasco da Gama, Sr.\u00aa Nely Regina de Oliveira Ribeiro, no uso de suas atribui\u00e7\u00f5es e em respeito ao estatuto social, no que prev\u00ea o artigo 45, al\u00ednea G, convoca a quem de interesse e direito para cess\u00e3o voltada \u00e0 delibera\u00e7\u00e3o de eventual elimina\u00e7\u00e3o dos s\u00f3cios inadimplentes, tal como preconiza o art. 16, B, da qual dar-se-\u00e1 nos moldes do art. 10, art. 20 e seguintes, em primeira chamada \u00e0s 18h com dois ter\u00e7os mais um dos s\u00f3cios e, em segunda chamada as 19:00h com qualquer qu\u00f3rum de s\u00f3cios quites, no dia 01\/09\/2023, na Av. Bar\u00e3o do Rio Branco, n\u00b0: 1871, sagu\u00e3o de conven\u00e7\u00f5es, Centro, nesta cidade.<\/p>\n<p style=\"text-align: center;\">Juiz de Fora, 29 de agosto de 2023.<\/p>\n","protected":false},"excerpt":{"rendered":"<p>ASSOCIA\u00c7\u00c3O ATL\u00c9TICA VASCO DA GAMA. CNPJ sob o n\u00ba 21.585.351\/0001-81. CONVOCA\u00c7\u00c3O DE ASSEMBL\u00c9IA GERAL EXTRAORDIN\u00c1RIA. Prezados(as) Senhores(as) A Presidente da Associa\u00e7\u00e3o Atl\u00e9tica Vasco da Gama, Sr.\u00aa Nely Regina de Oliveira Ribeiro, no uso de suas atribui\u00e7\u00f5es e em respeito ao estatuto social, no que prev\u00ea o artigo 45, al\u00ednea G, convoca a quem de interesse [&hellip;]<\/p>\n","protected":false},"author":96,"featured_media":0,"comment_status":"closed","ping_status":"closed","sticky":false,"template":"","format":"standard","meta":{"footnotes":""},"categories":[307],"tags":[],"class_list":["post-217592","post","type-post","status-publish","format-standard","hentry","category-editais"],"_links":{"self":[{"href":"https:\/\/diarioregionaldigital.com.br\/index.php?rest_route=\/wp\/v2\/posts\/217592","targetHints":{"allow":["GET"]}}],"collection":[{"href":"https:\/\/diarioregionaldigital.com.br\/index.php?rest_route=\/wp\/v2\/posts"}],"about":[{"href":"https:\/\/diarioregionaldigital.com.br\/index.php?rest_route=\/wp\/v2\/types\/post"}],"author":[{"embeddable":true,"href":"https:\/\/diarioregionaldigital.com.br\/index.php?rest_route=\/wp\/v2\/users\/96"}],"replies":[{"embeddable":true,"href":"https:\/\/diarioregionaldigital.com.br\/index.php?rest_route=%2Fwp%2Fv2%2Fcomments&post=217592"}],"version-history":[{"count":1,"href":"https:\/\/diarioregionaldigital.com.br\/index.php?rest_route=\/wp\/v2\/posts\/217592\/revisions"}],"predecessor-version":[{"id":217593,"href":"https:\/\/diarioregionaldigital.com.br\/index.php?rest_route=\/wp\/v2\/posts\/217592\/revisions\/217593"}],"wp:attachment":[{"href":"https:\/\/diarioregionaldigital.com.br\/index.php?rest_route=%2Fwp%2Fv2%2Fmedia&parent=217592"}],"wp:term":[{"taxonomy":"category","embeddable":true,"href":"https:\/\/diarioregionaldigital.com.br\/index.php?rest_route=%2Fwp%2Fv2%2Fcategories&post=217592"},{"taxonomy":"post_tag","embeddable":true,"href":"https:\/\/diarioregionaldigital.com.br\/index.php?rest_route=%2Fwp%2Fv2%2Ftags&post=217592"}],"curies":[{"name":"wp","href":"https:\/\/api.w.org\/{rel}","templated":true}]}}