{"id":217583,"date":"2023-08-28T23:48:58","date_gmt":"2023-08-29T02:48:58","guid":{"rendered":"https:\/\/diarioregionaldigital.com.br\/?p=217583"},"modified":"2023-08-28T23:48:58","modified_gmt":"2023-08-29T02:48:58","slug":"dia-2-de-setembro-acontece-a-9a-feira-de-fotografia-em-juiz-de-fora","status":"publish","type":"post","link":"https:\/\/diarioregionaldigital.com.br\/?p=217583","title":{"rendered":"Dia 2 de setembro acontece a 9\u00aa Feira de Fotografia em Juiz de Fora"},"content":{"rendered":"<p>A 9\u00aa Feira de Fotografia acontece no dia 2 de setembro (sempre no 1\u00ba s\u00e1bado de cada m\u00eas). Esta edi\u00e7\u00e3o pretende dar continuidade \u00e0s imagens de boa qualidade em cor e PB, em suportes e formatos variados (grandes, m\u00e9dios e pequenos) e com temas para atender a todos os gostos. A feira \u00e9 um espa\u00e7o de busca, de incentivo a olhar mais detalhadamente cada imagem e sua fun\u00e7\u00e3o est\u00e9tica, fomentando o mercado das Artes de Juiz de Fora.<br \/>\nA edi\u00e7\u00e3o de setembro tamb\u00e9m vai contar com proje\u00e7\u00e3o de cromos e FotoPapo com Paulo Bittar, a partir de 18h.<\/p>\n<p style=\"text-align: left;\">Local: Espa\u00e7o Manufato &#8211; Rua Fonseca Hermes, 36\/301 \u2013 Centro<br \/>\nHor\u00e1rio: de 14h \u00e0s 20h<\/p>\n<p><strong>\u201cProje\u00e7\u00e3o de Cromos e FotoPapo com Paulo Bittar\u201d<br \/>\n<\/strong><br \/>\nComo tem sido nos \u00faltimos tr\u00eas meses, uma atra\u00e7\u00e3o especial ser\u00e1 apresentada \u00e0s 18h. A partir da edi\u00e7\u00e3o de imagens que compunham um antigo projeto chamado CromoClip, o fot\u00f3grafo Paulo Bittar far\u00e1 uma edi\u00e7\u00e3o especial com imagens de tem\u00e1ticas<br \/>\nvariadas, antes exibidas nas sess\u00f5es dos CromoClips, que s\u00e3o conjuntos fotogr\u00e1ficos produzidos em cromos (slides), sincronizados por uma trilha sonora, projetados em telas, em ambientes fechados ou abertos. A proje\u00e7\u00e3o ter\u00e1, aproximadamente, 30 minutos e, ap\u00f3s, haver\u00e1 um FotoPapo com o fot\u00f3grafo. Paulo Bittar \u00e9 um fot\u00f3grafo naturalista, desenvolve estudos em fotografia desde 1977, tendo feito v\u00e1rias exposi\u00e7\u00f5es e trabalhos comercializados no Brasil e exterior (Jap\u00e3o, Alemanha, Estados Unidos, Argentina, Peru, Israel, Holanda etc.). A partir do curso de Ci\u00eancias Biol\u00f3gicas, especializou-se em fotos t\u00e9cnicas, cient\u00edficas e publicit\u00e1rias.<br \/>\nAtualmente, divide-se entre a pr\u00e1tica da fotografia, seu ensino e incentivo, com servi\u00e7os a universidades, ONG`s e empresas p\u00fablicas e privadas. Dedica-se tamb\u00e9m \u00e0 produ\u00e7\u00e3o de fotos que atendam a ag\u00eancias de imagens brasileiras e estrangeiras. Como produtor rural, reside em Minas Gerais e coordena a produ\u00e7\u00e3o agroecol\u00f3gica familiar da Fazenda Serra Boa Vista, em Manejo, munic\u00edpio de Lima Duarte. A curadoria da Feira de Fotografia \u00e9 de Eridan Le\u00e3o e S\u00e9rgio Neumann. Os quitutes s\u00e3o de M\u00e1rcia Hadad.<\/p>\n","protected":false},"excerpt":{"rendered":"<p>A 9\u00aa Feira de Fotografia acontece no dia 2 de setembro (sempre no 1\u00ba s\u00e1bado de cada m\u00eas). Esta edi\u00e7\u00e3o pretende dar continuidade \u00e0s imagens de boa qualidade em cor e PB, em suportes e formatos variados (grandes, m\u00e9dios e pequenos) e com temas para atender a todos os gostos. A feira \u00e9 um espa\u00e7o [&hellip;]<\/p>\n","protected":false},"author":246,"featured_media":217585,"comment_status":"closed","ping_status":"closed","sticky":false,"template":"","format":"standard","meta":{"footnotes":""},"categories":[253,436,439],"tags":[],"class_list":["post-217583","post","type-post","status-publish","format-standard","has-post-thumbnail","hentry","category-cidade","category-destaque-da-semana","category-ultima-hora"],"_links":{"self":[{"href":"https:\/\/diarioregionaldigital.com.br\/index.php?rest_route=\/wp\/v2\/posts\/217583","targetHints":{"allow":["GET"]}}],"collection":[{"href":"https:\/\/diarioregionaldigital.com.br\/index.php?rest_route=\/wp\/v2\/posts"}],"about":[{"href":"https:\/\/diarioregionaldigital.com.br\/index.php?rest_route=\/wp\/v2\/types\/post"}],"author":[{"embeddable":true,"href":"https:\/\/diarioregionaldigital.com.br\/index.php?rest_route=\/wp\/v2\/users\/246"}],"replies":[{"embeddable":true,"href":"https:\/\/diarioregionaldigital.com.br\/index.php?rest_route=%2Fwp%2Fv2%2Fcomments&post=217583"}],"version-history":[{"count":1,"href":"https:\/\/diarioregionaldigital.com.br\/index.php?rest_route=\/wp\/v2\/posts\/217583\/revisions"}],"predecessor-version":[{"id":217586,"href":"https:\/\/diarioregionaldigital.com.br\/index.php?rest_route=\/wp\/v2\/posts\/217583\/revisions\/217586"}],"wp:featuredmedia":[{"embeddable":true,"href":"https:\/\/diarioregionaldigital.com.br\/index.php?rest_route=\/wp\/v2\/media\/217585"}],"wp:attachment":[{"href":"https:\/\/diarioregionaldigital.com.br\/index.php?rest_route=%2Fwp%2Fv2%2Fmedia&parent=217583"}],"wp:term":[{"taxonomy":"category","embeddable":true,"href":"https:\/\/diarioregionaldigital.com.br\/index.php?rest_route=%2Fwp%2Fv2%2Fcategories&post=217583"},{"taxonomy":"post_tag","embeddable":true,"href":"https:\/\/diarioregionaldigital.com.br\/index.php?rest_route=%2Fwp%2Fv2%2Ftags&post=217583"}],"curies":[{"name":"wp","href":"https:\/\/api.w.org\/{rel}","templated":true}]}}