{"id":217580,"date":"2023-08-28T23:42:45","date_gmt":"2023-08-29T02:42:45","guid":{"rendered":"https:\/\/diarioregionaldigital.com.br\/?p=217580"},"modified":"2023-08-28T23:42:45","modified_gmt":"2023-08-29T02:42:45","slug":"pjf-realiza-mais-de-600-podas-de-arvores-no-mes-de-agosto","status":"publish","type":"post","link":"https:\/\/diarioregionaldigital.com.br\/?p=217580","title":{"rendered":"PJF realiza mais de 600 podas de \u00e1rvores no m\u00eas de agosto"},"content":{"rendered":"<p>Segundo informa\u00e7\u00f5es do site da Prefeitura de Juiz de Fora (PJF), a PJF segue zelando pela nossa cidade. Em agosto, entre o dia 1 e o \u00faltimo s\u00e1bado, 26, as equipes realizaram 602 podas de \u00e1rvores em 30 bairros do munic\u00edpio.<\/p>\n<p>Os servi\u00e7os incluem podas dr\u00e1sticas e simples, que tornam a cidade um ambiente mais seguro e confort\u00e1vel, contribuindo para a manuten\u00e7\u00e3o das esp\u00e9cies e o bem-estar da popula\u00e7\u00e3o. Entre os locais atendidos, destaque para o bairro Monte Castelo, onde sete vias receberam os trabalhos. S\u00e3o elas: Rua Baturit\u00e9, Rua Branca Mascarenhas, Rua Coronel Quint\u00e3o, Rua Iguassu, Rua Itacolomi, Rua Itatiaia e Rua dos Palmares.<\/p>\n<p><strong>Confira a lista completa de bairros atendidos no per\u00edodo:<\/strong><\/p>\n<p>Aeroporto<\/p>\n<p>Alto dos Passos<\/p>\n<p>Amaz\u00f4nia<\/p>\n<p>Ara\u00fajo<\/p>\n<p>Barbosa Lage<\/p>\n<p>Barreira do Triunfo<\/p>\n<p>Carlos Chagas<\/p>\n<p>Cascatinha<\/p>\n<p>Centro<\/p>\n<p>Cer\u00e2mica<\/p>\n<p>Chap\u00e9u D&#8217;uvas<\/p>\n<p>Eldorado<\/p>\n<p>Encosta do Sol<\/p>\n<p>Filgueiras<\/p>\n<p>Fontesville<\/p>\n<p>Francisco Bernardino<\/p>\n<p>Graja\u00fa<\/p>\n<p>Grama<\/p>\n<p>Granjas Beth\u00e2nia<\/p>\n<p>Granjas Triunfo<\/p>\n<p>Industrial<\/p>\n<p>Ipiranga<\/p>\n<p>Monte Castelo<\/p>\n<p>Paineiras<\/p>\n<p>Parque Guarani<\/p>\n<p>Quintas das Avenidas<\/p>\n<p>Santa Luzia<\/p>\n<p>S\u00e3o Bernardo<\/p>\n<p>S\u00e3o Mateus<\/p>\n<p>Valadares<\/p>\n<p>As a\u00e7\u00f5es seguem em andamento na cidade, e a programa\u00e7\u00e3o di\u00e1ria completa pode ser conferida na p\u00e1gina do Gabinete de A\u00e7\u00e3o e Di\u00e1logo Comunit\u00e1rio atrav\u00e9s do<a href=\"https:\/\/www.pjf.mg.gov.br\/gabinetecomunitario\/#onde\">\u00a0link<\/a>. Para solicitar servi\u00e7os de zeladoria em vias p\u00fablicas, como tapa-buracos, poda e corte de \u00e1rvores, limpeza de pra\u00e7as e outros, entre em contato com o Gabinete de A\u00e7\u00e3o e Di\u00e1logo Comunit\u00e1rio, atrav\u00e9s do telefone (32) 3690-7241 (liga\u00e7\u00e3o ou WhatsApp).<\/p>\n","protected":false},"excerpt":{"rendered":"<p>Segundo informa\u00e7\u00f5es do site da Prefeitura de Juiz de Fora (PJF), a PJF segue zelando pela nossa cidade. Em agosto, entre o dia 1 e o \u00faltimo s\u00e1bado, 26, as equipes realizaram 602 podas de \u00e1rvores em 30 bairros do munic\u00edpio. Os servi\u00e7os incluem podas dr\u00e1sticas e simples, que tornam a cidade um ambiente mais [&hellip;]<\/p>\n","protected":false},"author":246,"featured_media":217581,"comment_status":"closed","ping_status":"closed","sticky":false,"template":"","format":"standard","meta":{"footnotes":""},"categories":[253,436,439],"tags":[],"class_list":["post-217580","post","type-post","status-publish","format-standard","has-post-thumbnail","hentry","category-cidade","category-destaque-da-semana","category-ultima-hora"],"_links":{"self":[{"href":"https:\/\/diarioregionaldigital.com.br\/index.php?rest_route=\/wp\/v2\/posts\/217580","targetHints":{"allow":["GET"]}}],"collection":[{"href":"https:\/\/diarioregionaldigital.com.br\/index.php?rest_route=\/wp\/v2\/posts"}],"about":[{"href":"https:\/\/diarioregionaldigital.com.br\/index.php?rest_route=\/wp\/v2\/types\/post"}],"author":[{"embeddable":true,"href":"https:\/\/diarioregionaldigital.com.br\/index.php?rest_route=\/wp\/v2\/users\/246"}],"replies":[{"embeddable":true,"href":"https:\/\/diarioregionaldigital.com.br\/index.php?rest_route=%2Fwp%2Fv2%2Fcomments&post=217580"}],"version-history":[{"count":1,"href":"https:\/\/diarioregionaldigital.com.br\/index.php?rest_route=\/wp\/v2\/posts\/217580\/revisions"}],"predecessor-version":[{"id":217582,"href":"https:\/\/diarioregionaldigital.com.br\/index.php?rest_route=\/wp\/v2\/posts\/217580\/revisions\/217582"}],"wp:featuredmedia":[{"embeddable":true,"href":"https:\/\/diarioregionaldigital.com.br\/index.php?rest_route=\/wp\/v2\/media\/217581"}],"wp:attachment":[{"href":"https:\/\/diarioregionaldigital.com.br\/index.php?rest_route=%2Fwp%2Fv2%2Fmedia&parent=217580"}],"wp:term":[{"taxonomy":"category","embeddable":true,"href":"https:\/\/diarioregionaldigital.com.br\/index.php?rest_route=%2Fwp%2Fv2%2Fcategories&post=217580"},{"taxonomy":"post_tag","embeddable":true,"href":"https:\/\/diarioregionaldigital.com.br\/index.php?rest_route=%2Fwp%2Fv2%2Ftags&post=217580"}],"curies":[{"name":"wp","href":"https:\/\/api.w.org\/{rel}","templated":true}]}}