{"id":217574,"date":"2023-08-28T23:30:41","date_gmt":"2023-08-29T02:30:41","guid":{"rendered":"https:\/\/diarioregionaldigital.com.br\/?p=217574"},"modified":"2023-08-28T23:30:41","modified_gmt":"2023-08-29T02:30:41","slug":"copa-prefeitura-de-futsal-2023-4-jogos-fecham-a-3a-rodada","status":"publish","type":"post","link":"https:\/\/diarioregionaldigital.com.br\/?p=217574","title":{"rendered":"Copa Prefeitura de Futsal 2023: 4 jogos fecham a 3\u00aa rodada"},"content":{"rendered":"<p>Segundo informa\u00e7\u00f5es do site da Prefeitura de Juiz de Fora (PJF), na sexta, 25, quatro jogos fecharam a 3\u00aa rodada da Copa Prefeitura de Futsal. Na categoria sub-13, a equipe de Matias Barbosa ganhou de 3 a 2 da Escola Flamengo. Na categoria Adulta Masculina, Matias Barbosa ganhou de 2 a 1 do Inter de Vil\u00e3o. J\u00e1 na Sub-17 masculina, a equipe de Belmiro Braga venceu nos p\u00eanaltis a equipe de Matias Barbosa. Para finalizar, na categoria Sub-20 masculina, o Sport Club Juiz de Fora ganhou de 4 a 1 do Inter de Vil\u00e3o. Na terceira rodada, foram 24 jogos no total e 118 gols. Al\u00e9m dos jogos da terceira rodada, foi realizada a primeira rodada da categoria sub-9. O boletim completo pode ser conferido em anexo.<\/p>\n<div id=\"box_texto_noticia\">\n<p><strong>Copa Prefeitura de Futsal<\/strong><\/p>\n<p>A Copa Prefeitura de Futsal tem como objetivo integrar, atrav\u00e9s da pr\u00e1tica desportiva, representantes das diversas camadas sociais do munic\u00edpio; oportunizar a mobiliza\u00e7\u00e3o e organiza\u00e7\u00e3o comunit\u00e1ria, atrav\u00e9s da pr\u00e1tica desportiva; incrementar a pr\u00e1tica do futsal, estimulando e valorizando as equipes locais e regionais, fortalecendo a Liga Juizforana de Futebol de Sal\u00e3o, com grande participa\u00e7\u00e3o dos clubes; criar oportunidades para o surgimento de atletas de futsal, que possam representar Juiz de Fora em competi\u00e7\u00f5es na modalidade, em n\u00edveis regional, estadual e nacional e oferecer momentos de lazer e integra\u00e7\u00e3o social.<\/p>\n<p>Nesta semana, acontecem os jogos da quarta rodada e a programa\u00e7\u00e3o pode ser conferida\u00a0<a href=\"https:\/\/www.pjf.mg.gov.br\/noticias\/anexo\/BoletimFutsal04.pdf\">no link<\/a>.<\/p>\n<p><strong>Outras informa\u00e7\u00f5es:<\/strong><\/p>\n<p>Secretaria de Esporte e Lazer &#8211; 3690-7845<\/p>\n<\/div>\n<div class=\"texto_anexo\"><img loading=\"lazy\" decoding=\"async\" src=\"https:\/\/www.pjf.mg.gov.br\/imagens\/clips.jpg\" width=\"22\" height=\"20\" \/>\u00a0<a href=\"https:\/\/www.pjf.mg.gov.br\/noticias\/anexo\/BoletimFutsal03+Boletim01Sub-09-2023-RESULT..pdf\" target=\"_blank\" rel=\"noopener\">Veja o anexo<\/a><\/div>\n","protected":false},"excerpt":{"rendered":"<p>Segundo informa\u00e7\u00f5es do site da Prefeitura de Juiz de Fora (PJF), na sexta, 25, quatro jogos fecharam a 3\u00aa rodada da Copa Prefeitura de Futsal. Na categoria sub-13, a equipe de Matias Barbosa ganhou de 3 a 2 da Escola Flamengo. Na categoria Adulta Masculina, Matias Barbosa ganhou de 2 a 1 do Inter de [&hellip;]<\/p>\n","protected":false},"author":246,"featured_media":217575,"comment_status":"closed","ping_status":"closed","sticky":false,"template":"","format":"standard","meta":{"footnotes":""},"categories":[253,436,439],"tags":[],"class_list":["post-217574","post","type-post","status-publish","format-standard","has-post-thumbnail","hentry","category-cidade","category-destaque-da-semana","category-ultima-hora"],"_links":{"self":[{"href":"https:\/\/diarioregionaldigital.com.br\/index.php?rest_route=\/wp\/v2\/posts\/217574","targetHints":{"allow":["GET"]}}],"collection":[{"href":"https:\/\/diarioregionaldigital.com.br\/index.php?rest_route=\/wp\/v2\/posts"}],"about":[{"href":"https:\/\/diarioregionaldigital.com.br\/index.php?rest_route=\/wp\/v2\/types\/post"}],"author":[{"embeddable":true,"href":"https:\/\/diarioregionaldigital.com.br\/index.php?rest_route=\/wp\/v2\/users\/246"}],"replies":[{"embeddable":true,"href":"https:\/\/diarioregionaldigital.com.br\/index.php?rest_route=%2Fwp%2Fv2%2Fcomments&post=217574"}],"version-history":[{"count":1,"href":"https:\/\/diarioregionaldigital.com.br\/index.php?rest_route=\/wp\/v2\/posts\/217574\/revisions"}],"predecessor-version":[{"id":217576,"href":"https:\/\/diarioregionaldigital.com.br\/index.php?rest_route=\/wp\/v2\/posts\/217574\/revisions\/217576"}],"wp:featuredmedia":[{"embeddable":true,"href":"https:\/\/diarioregionaldigital.com.br\/index.php?rest_route=\/wp\/v2\/media\/217575"}],"wp:attachment":[{"href":"https:\/\/diarioregionaldigital.com.br\/index.php?rest_route=%2Fwp%2Fv2%2Fmedia&parent=217574"}],"wp:term":[{"taxonomy":"category","embeddable":true,"href":"https:\/\/diarioregionaldigital.com.br\/index.php?rest_route=%2Fwp%2Fv2%2Fcategories&post=217574"},{"taxonomy":"post_tag","embeddable":true,"href":"https:\/\/diarioregionaldigital.com.br\/index.php?rest_route=%2Fwp%2Fv2%2Ftags&post=217574"}],"curies":[{"name":"wp","href":"https:\/\/api.w.org\/{rel}","templated":true}]}}