{"id":217553,"date":"2023-08-28T23:05:09","date_gmt":"2023-08-29T02:05:09","guid":{"rendered":"https:\/\/diarioregionaldigital.com.br\/?p=217553"},"modified":"2023-08-28T23:05:09","modified_gmt":"2023-08-29T02:05:09","slug":"pf-volta-a-ouvir-mauro-cid-sobre-acusacoes-de-delgatti","status":"publish","type":"post","link":"https:\/\/diarioregionaldigital.com.br\/?p=217553","title":{"rendered":"PF volta a ouvir Mauro Cid sobre acusa\u00e7\u00f5es de Delgatti"},"content":{"rendered":"<p>O ex-ajudante de ordens do ex-presidente da Rep\u00fablica, Jair Bolsonaro, o tenente-coronel Mauro Cid, presta um novo depoimento \u00e0 Pol\u00edcia Federal (PF) nesta segunda-feira (28). Cid chegou ao edif\u00edcio-sede da corpora\u00e7\u00e3o, na \u00e1rea centra de Bras\u00edlia (DF), perto das 10 horas.<img decoding=\"async\" src=\"https:\/\/agenciabrasil.ebc.com.br\/ebc.png?id=1551546&amp;o=node\" \/><img decoding=\"async\" src=\"https:\/\/agenciabrasil.ebc.com.br\/ebc.gif?id=1551546&amp;o=node\" \/><\/p>\n<p>Alvo de diferentes investiga\u00e7\u00f5es, o tenente-coronel est\u00e1\u00a0<a href=\"https:\/\/agenciabrasil.ebc.com.br\/radioagencia-nacional\/geral\/audio\/2023-05\/ex-ajudante-de-ordens-de-jair-bolsonaro-e-preso-em-operacao-da-pf\" target=\"_blank\" rel=\"noopener\">preso<\/a>\u00a0desde o in\u00edcio de maio, acusado de fraudar cart\u00f5es de vacina\u00e7\u00e3o contra a covid-19 e inserir informa\u00e7\u00f5es falsas nos sistemas do Minist\u00e9rio da Sa\u00fade, beneficiando seus parentes e o ex-presidente.<\/p>\n<p>O novo depoimento ocorre no \u00e2mbito da apura\u00e7\u00e3o de\u00a0a\u00e7\u00f5es do\u00a0chamado Hacker da Vaza Jato, Walter Delgatti,\u00a0<a href=\"https:\/\/agenciabrasil.ebc.com.br\/justica\/noticia\/2023-08\/justica-federal-condena-delgatti-20-anos-de-prisao\" target=\"_blank\" rel=\"noopener\">condenado<\/a>\u00a0a 20 anos de pris\u00e3o por invadir o telefone celular do ex-juiz federal e hoje senador Sergio Moro (Uni\u00e3o Brasil \u2013 PR) e divulgar parte das mensagens que Moro trocou com autoridades, como o\u00a0ex-coordenador da for\u00e7a-tarefa Lava Jato e atual deputado federal Deltan Dallagnol (Podemos-PR).<\/p>\n<p>O\u00a0<em>hacker<\/em>\u00a0tamb\u00e9m \u00e9 acusado de invadir os sistemas do Conselho Nacional de Justi\u00e7a (CNJ) e inserir, no Banco Nacional de Mandados de Pris\u00e3o, falsos alvar\u00e1 de soltura e uma ordem de pris\u00e3o contra o ministro do Supremo Tribunal Federal (STF), Alexandre de Moraes.<\/p>\n<p>Ao depor\u00a0\u00e0 Comiss\u00e3o Parlamentar Mista de Inqu\u00e9rito (CPMI), do Congresso Nacional, no \u00faltimo dia 17, Delgatti afirmou que invadiu o\u00a0sistema do CNJ para\u00a0<a href=\"https:\/\/agenciabrasil.ebc.com.br\/politica\/noticia\/2023-08\/invasao-do-sistema-era-para-desmoralizar-o-judiciario-revela-delgatti\" target=\"_blank\" rel=\"noopener\">desmoralizar<\/a>\u00a0o Poder Judici\u00e1rio. O\u00a0<em>hacker<\/em>\u00a0disse ter agido\u00a0a mando da deputada federal Carla Zambelli (PL-SP), de quem ele afirma ter recebido R$ 40 mil.\u00a0Zambelli nega as acusa\u00e7\u00f5es.<\/p>\n<p>Delgatti tamb\u00e9m assegura\u00a0que\u00a0se reuniu\u00a0com o ex-presidente Jair Bolsonaro,\u00a0no Pal\u00e1cio do Planalto, para discutir a possibilidade de\u00a0invadir as urnas eletr\u00f4nicas, com o prop\u00f3sito de fraudar o c\u00f3digo-fonte. Segundo o\u00a0<em>hacker<\/em>, Mauro Cid teria presenciado sua conversa com o ex-presidente.<\/p>\n<p>O ex-ajudante de ordens\u00a0come\u00e7ou a depor\u00a0\u00e0 PF\u00a0sobre as afirma\u00e7\u00f5es de Delgatti<i>\u00a0<\/i>na \u00faltima sexta-feira, mas a oitiva foi interrompida.<\/p>\n<p><span style=\"font-weight: 400;\">Fonte: Ag\u00eancia Brasil <\/span><\/p>\n","protected":false},"excerpt":{"rendered":"<p>O ex-ajudante de ordens do ex-presidente da Rep\u00fablica, Jair Bolsonaro, o tenente-coronel Mauro Cid, presta um novo depoimento \u00e0 Pol\u00edcia Federal (PF) nesta segunda-feira (28). Cid chegou ao edif\u00edcio-sede da corpora\u00e7\u00e3o, na \u00e1rea centra de Bras\u00edlia (DF), perto das 10 horas. Alvo de diferentes investiga\u00e7\u00f5es, o tenente-coronel est\u00e1\u00a0preso\u00a0desde o in\u00edcio de maio, acusado de fraudar [&hellip;]<\/p>\n","protected":false},"author":246,"featured_media":217554,"comment_status":"closed","ping_status":"closed","sticky":false,"template":"","format":"standard","meta":{"footnotes":""},"categories":[436,254,439],"tags":[],"class_list":["post-217553","post","type-post","status-publish","format-standard","has-post-thumbnail","hentry","category-destaque-da-semana","category-politica","category-ultima-hora"],"_links":{"self":[{"href":"https:\/\/diarioregionaldigital.com.br\/index.php?rest_route=\/wp\/v2\/posts\/217553","targetHints":{"allow":["GET"]}}],"collection":[{"href":"https:\/\/diarioregionaldigital.com.br\/index.php?rest_route=\/wp\/v2\/posts"}],"about":[{"href":"https:\/\/diarioregionaldigital.com.br\/index.php?rest_route=\/wp\/v2\/types\/post"}],"author":[{"embeddable":true,"href":"https:\/\/diarioregionaldigital.com.br\/index.php?rest_route=\/wp\/v2\/users\/246"}],"replies":[{"embeddable":true,"href":"https:\/\/diarioregionaldigital.com.br\/index.php?rest_route=%2Fwp%2Fv2%2Fcomments&post=217553"}],"version-history":[{"count":1,"href":"https:\/\/diarioregionaldigital.com.br\/index.php?rest_route=\/wp\/v2\/posts\/217553\/revisions"}],"predecessor-version":[{"id":217555,"href":"https:\/\/diarioregionaldigital.com.br\/index.php?rest_route=\/wp\/v2\/posts\/217553\/revisions\/217555"}],"wp:featuredmedia":[{"embeddable":true,"href":"https:\/\/diarioregionaldigital.com.br\/index.php?rest_route=\/wp\/v2\/media\/217554"}],"wp:attachment":[{"href":"https:\/\/diarioregionaldigital.com.br\/index.php?rest_route=%2Fwp%2Fv2%2Fmedia&parent=217553"}],"wp:term":[{"taxonomy":"category","embeddable":true,"href":"https:\/\/diarioregionaldigital.com.br\/index.php?rest_route=%2Fwp%2Fv2%2Fcategories&post=217553"},{"taxonomy":"post_tag","embeddable":true,"href":"https:\/\/diarioregionaldigital.com.br\/index.php?rest_route=%2Fwp%2Fv2%2Ftags&post=217553"}],"curies":[{"name":"wp","href":"https:\/\/api.w.org\/{rel}","templated":true}]}}