{"id":217550,"date":"2023-08-28T23:02:08","date_gmt":"2023-08-29T02:02:08","guid":{"rendered":"https:\/\/diarioregionaldigital.com.br\/?p=217550"},"modified":"2023-08-28T23:02:08","modified_gmt":"2023-08-29T02:02:08","slug":"ministro-do-stf-suspende-lei-que-cria-dia-do-patriota-em-porto-alegre","status":"publish","type":"post","link":"https:\/\/diarioregionaldigital.com.br\/?p=217550","title":{"rendered":"Ministro do STF suspende lei que cria Dia do Patriota em Porto Alegre"},"content":{"rendered":"<p>O ministro do Supremo Tribunal Federal (STF) Luiz Fux decidiu suspender, nesta segunda-feira (28), a lei aprovada pela C\u00e2mara Municipal de Porto Alegre (RS) que instituiu a data 8 de janeiro como o Dia do Patriota na capital ga\u00facha.<img decoding=\"async\" src=\"https:\/\/agenciabrasil.ebc.com.br\/ebc.png?id=1551693&amp;o=node\" \/><img decoding=\"async\" src=\"https:\/\/agenciabrasil.ebc.com.br\/ebc.gif?id=1551693&amp;o=node\" \/><\/p>\n<p>A lei, promulgada no in\u00edcio do m\u00eas, se refere ao dia em que apoiadores do ex-presidente Jair Bolsonaro invadiram e depredaram as sedes dos Tr\u00eas Poderes, em Bras\u00edlia.<\/p>\n<p>O ministro atendeu a\u00a0<a href=\"https:\/\/agenciabrasil.ebc.com.br\/politica\/noticia\/2023-08\/pgr-vai-ao-stf-contra-lei-de-porto-alegre-que-celebra-atos-golpistas\" target=\"_blank\" rel=\"noopener\">um pedido de suspens\u00e3o feito<\/a>\u00a0pela Procuradoria-Geral da Rep\u00fablica (PGR).<\/p>\n<p>Na decis\u00e3o, Fux entendeu que a lei fere princ\u00edpios constitucionais democr\u00e1ticos. Para o ministro, a lei exaltou a atua\u00e7\u00e3o de investigados que participaram de atos golpistas.<\/p>\n<blockquote><p>&#8220;Os infames atos do dia 8 de janeiro entraram para a hist\u00f3ria como s\u00edmbolo de que a avers\u00e3o \u00e0 democracia produz viol\u00eancia e desperta puls\u00f5es contr\u00e1rias \u00e0 toler\u00e2ncia, gerando atos criminosos inimagin\u00e1veis em um Estado de Direito. O dia 8 de janeiro n\u00e3o merece data comemorativa, mas antes rep\u00fadio constante, para que atitudes deste jaez n\u00e3o se repitam.&#8221;<\/p><\/blockquote>\n<h2>Lei revogada<\/h2>\n<p>Mais cedo, a C\u00e2mara Municipal de Porto Alegre decidiu revogar a lei. Segundo o presidente da Casa, vereador Hamilton Sossmeier (PTB), os\u00a0<a href=\"https:\/\/agenciabrasil.ebc.com.br\/politica\/noticia\/2023-08\/vereadores-de-porto-alegre-fazem-acordo-para-revogar-dia-do-patriota\" target=\"_blank\" rel=\"noopener\">parlamentares formaram acordo para aprovar<\/a>\u00a0um projeto que revoga a lei ap\u00f3s a repercuss\u00e3o negativa da mat\u00e9ria. A expectativa \u00e9 de que a proposta seja aprovada at\u00e9 a pr\u00f3xima quarta-feira (30).<\/p>\n<p>O projeto de lei que criou a data foi proposto pelo ent\u00e3o vereador Alexandre Bobadra (PL), que teve o mandato cassado ap\u00f3s ser condenado em processo por abuso de poder econ\u00f4mico pelo Tribunal Regional Eleitoral do Rio Grande do Sul.<\/p>\n<p>O projeto n\u00e3o chegou a ser votado no plen\u00e1rio da C\u00e2mara de Vereadores, mas passou em tr\u00eas comiss\u00f5es e depois seguiu para san\u00e7\u00e3o do prefeito Sebasti\u00e3o Melo. Como o prefeito n\u00e3o se manifestou no prazo previsto nem para vetar, nem para sancionar o projeto, a mat\u00e9ria voltou \u00e0 C\u00e2mara e foi automaticamente transformada em lei.<\/p>\n<p><span style=\"font-weight: 400;\">Fonte: Ag\u00eancia Brasil\u00a0<\/span><span style=\"font-weight: 400;\"><br \/>\n<\/span><\/p>\n","protected":false},"excerpt":{"rendered":"<p>O ministro do Supremo Tribunal Federal (STF) Luiz Fux decidiu suspender, nesta segunda-feira (28), a lei aprovada pela C\u00e2mara Municipal de Porto Alegre (RS) que instituiu a data 8 de janeiro como o Dia do Patriota na capital ga\u00facha. A lei, promulgada no in\u00edcio do m\u00eas, se refere ao dia em que apoiadores do ex-presidente [&hellip;]<\/p>\n","protected":false},"author":246,"featured_media":217551,"comment_status":"closed","ping_status":"closed","sticky":false,"template":"","format":"standard","meta":{"footnotes":""},"categories":[436,254,439],"tags":[],"class_list":["post-217550","post","type-post","status-publish","format-standard","has-post-thumbnail","hentry","category-destaque-da-semana","category-politica","category-ultima-hora"],"_links":{"self":[{"href":"https:\/\/diarioregionaldigital.com.br\/index.php?rest_route=\/wp\/v2\/posts\/217550","targetHints":{"allow":["GET"]}}],"collection":[{"href":"https:\/\/diarioregionaldigital.com.br\/index.php?rest_route=\/wp\/v2\/posts"}],"about":[{"href":"https:\/\/diarioregionaldigital.com.br\/index.php?rest_route=\/wp\/v2\/types\/post"}],"author":[{"embeddable":true,"href":"https:\/\/diarioregionaldigital.com.br\/index.php?rest_route=\/wp\/v2\/users\/246"}],"replies":[{"embeddable":true,"href":"https:\/\/diarioregionaldigital.com.br\/index.php?rest_route=%2Fwp%2Fv2%2Fcomments&post=217550"}],"version-history":[{"count":1,"href":"https:\/\/diarioregionaldigital.com.br\/index.php?rest_route=\/wp\/v2\/posts\/217550\/revisions"}],"predecessor-version":[{"id":217552,"href":"https:\/\/diarioregionaldigital.com.br\/index.php?rest_route=\/wp\/v2\/posts\/217550\/revisions\/217552"}],"wp:featuredmedia":[{"embeddable":true,"href":"https:\/\/diarioregionaldigital.com.br\/index.php?rest_route=\/wp\/v2\/media\/217551"}],"wp:attachment":[{"href":"https:\/\/diarioregionaldigital.com.br\/index.php?rest_route=%2Fwp%2Fv2%2Fmedia&parent=217550"}],"wp:term":[{"taxonomy":"category","embeddable":true,"href":"https:\/\/diarioregionaldigital.com.br\/index.php?rest_route=%2Fwp%2Fv2%2Fcategories&post=217550"},{"taxonomy":"post_tag","embeddable":true,"href":"https:\/\/diarioregionaldigital.com.br\/index.php?rest_route=%2Fwp%2Fv2%2Ftags&post=217550"}],"curies":[{"name":"wp","href":"https:\/\/api.w.org\/{rel}","templated":true}]}}