{"id":217526,"date":"2023-08-25T21:28:04","date_gmt":"2023-08-26T00:28:04","guid":{"rendered":"https:\/\/diarioregionaldigital.com.br\/?p=217526"},"modified":"2023-08-25T21:28:04","modified_gmt":"2023-08-26T00:28:04","slug":"projeto-caminhando-pela-historia-leva-grupo-de-terceira-idade-ao-jardim-de-botanico","status":"publish","type":"post","link":"https:\/\/diarioregionaldigital.com.br\/?p=217526","title":{"rendered":"Projeto \u201cCaminhando pela Hist\u00f3ria\u201d leva grupo de terceira idade ao Jardim de Bot\u00e2nico"},"content":{"rendered":"<p>Segundo informa\u00e7\u00f5es do site da Prefeitura de Juiz de Fora (PJF), um dos grandes destinos tur\u00edsticos da cidade, o Jardim Bot\u00e2nico recebeu nesta sexta-feira, 25, em visita guiada, um grupo de idosas ligadas ao Centro de Conviv\u00eancia da Pessoa Idosa, programa da Associa\u00e7\u00e3o Municipal de Apoio Comunit\u00e1rio (Amac) em parceria com a Secretaria de Assist\u00eancia Social (SAS) da Prefeitura de Juiz de Fora (PJF). Por mais de duas horas, o grupo percorreu e conheceu o local com a supervis\u00e3o de dois bolsistas do Jardim Bot\u00e2nico. No final, enquanto trocavam impress\u00f5es sobre o local, saborearam um lanche com sucos, bolos, biscoitos diversos, salgados e p\u00e3o de queijo.<\/p>\n<p>&nbsp;<\/p>\n<div>No percurso, as participantes conheceram os dois grandes lagos, com decks ao seu redor,\u00a0o bromeli\u00e1rio e o orquid\u00e1rio, contribuindo para a troca de saberes sobre a sociobiodiversidade.\u00a0Os guias fizeram tamb\u00e9m um breve hist\u00f3rico sobre a trajet\u00f3ria on\u00e7a-pintada que foi capturada no Jardim Bot\u00e2nico em 2019, que ganhou repercuss\u00e3o nacional. O Jardim Bot\u00e2nico tem\u00a0um dos maiores remanescentes de Mata Atl\u00e2ntica\u00a0em \u00e1rea urbana do Brasil. As visitantes viram in\u00fameras das mais de 400 esp\u00e9cies nativas, bem como suas rela\u00e7\u00f5es ecol\u00f3gicas e dimens\u00f5es culturais. A a\u00e7\u00e3o foi desenvolvida pelo projeto \u201cCaminhando pela Hist\u00f3ria\u201d, coordenado pela Secretaria de Turismo (Setur) da PJF<\/div>\n<p>&nbsp;<\/p>\n<div>Dona Leonor Francisca de Souza, 71 anos, \u00e9 aposentada e voltou no tempo com o passeio. Ela lembra, em meio \u00e0 natureza, de sua inf\u00e2ncia na ro\u00e7a, onde plantava e colhia caf\u00e9, arroz, milho, cana de a\u00e7\u00facar e participava da feitura de mela\u00e7o, rapadura e garapa. Tudo isso lhe reavivou a mem\u00f3ria por ter vivido a inf\u00e2ncia e a juventude no meio da natureza. Feliz, ela registrou o momento com fotos para enviar para seu neto para mostrar a ele como \u00e9 bom estar no meio da natureza. \u201c\u00c9 um projeto tocante e extremamente valioso. Ficar\u00e1 eternamente na minha mente e no meu cora\u00e7\u00e3o. Foi uma manh\u00e3 realmente fant\u00e1stica\u201d disse ela.<\/div>\n<p>&nbsp;<\/p>\n<div>A psic\u00f3loga Mariana Borges, do Centro de Conviv\u00eancia da Pessoa Idosa, explicou que a execu\u00e7\u00e3o dessa atividade em contato direto com a natureza est\u00e1 alinhada com a tem\u00e1tica abordada na oficina &#8220;Espa\u00e7o Verde&#8221;, onde s\u00e3o discutidos t\u00f3picos como sustentabilidade, conversas relacionadas a plantas e ao bem-estar. Mariana ressaltou que a experi\u00eancia da caminhada teve um impacto bastante positivo nas participantes.<\/div>\n","protected":false},"excerpt":{"rendered":"<p>Segundo informa\u00e7\u00f5es do site da Prefeitura de Juiz de Fora (PJF), um dos grandes destinos tur\u00edsticos da cidade, o Jardim Bot\u00e2nico recebeu nesta sexta-feira, 25, em visita guiada, um grupo de idosas ligadas ao Centro de Conviv\u00eancia da Pessoa Idosa, programa da Associa\u00e7\u00e3o Municipal de Apoio Comunit\u00e1rio (Amac) em parceria com a Secretaria de Assist\u00eancia [&hellip;]<\/p>\n","protected":false},"author":246,"featured_media":217528,"comment_status":"closed","ping_status":"closed","sticky":false,"template":"","format":"standard","meta":{"footnotes":""},"categories":[253,436,439],"tags":[],"class_list":["post-217526","post","type-post","status-publish","format-standard","has-post-thumbnail","hentry","category-cidade","category-destaque-da-semana","category-ultima-hora"],"_links":{"self":[{"href":"https:\/\/diarioregionaldigital.com.br\/index.php?rest_route=\/wp\/v2\/posts\/217526","targetHints":{"allow":["GET"]}}],"collection":[{"href":"https:\/\/diarioregionaldigital.com.br\/index.php?rest_route=\/wp\/v2\/posts"}],"about":[{"href":"https:\/\/diarioregionaldigital.com.br\/index.php?rest_route=\/wp\/v2\/types\/post"}],"author":[{"embeddable":true,"href":"https:\/\/diarioregionaldigital.com.br\/index.php?rest_route=\/wp\/v2\/users\/246"}],"replies":[{"embeddable":true,"href":"https:\/\/diarioregionaldigital.com.br\/index.php?rest_route=%2Fwp%2Fv2%2Fcomments&post=217526"}],"version-history":[{"count":1,"href":"https:\/\/diarioregionaldigital.com.br\/index.php?rest_route=\/wp\/v2\/posts\/217526\/revisions"}],"predecessor-version":[{"id":217529,"href":"https:\/\/diarioregionaldigital.com.br\/index.php?rest_route=\/wp\/v2\/posts\/217526\/revisions\/217529"}],"wp:featuredmedia":[{"embeddable":true,"href":"https:\/\/diarioregionaldigital.com.br\/index.php?rest_route=\/wp\/v2\/media\/217528"}],"wp:attachment":[{"href":"https:\/\/diarioregionaldigital.com.br\/index.php?rest_route=%2Fwp%2Fv2%2Fmedia&parent=217526"}],"wp:term":[{"taxonomy":"category","embeddable":true,"href":"https:\/\/diarioregionaldigital.com.br\/index.php?rest_route=%2Fwp%2Fv2%2Fcategories&post=217526"},{"taxonomy":"post_tag","embeddable":true,"href":"https:\/\/diarioregionaldigital.com.br\/index.php?rest_route=%2Fwp%2Fv2%2Ftags&post=217526"}],"curies":[{"name":"wp","href":"https:\/\/api.w.org\/{rel}","templated":true}]}}