{"id":217523,"date":"2023-08-25T21:25:52","date_gmt":"2023-08-26T00:25:52","guid":{"rendered":"https:\/\/diarioregionaldigital.com.br\/?p=217523"},"modified":"2023-08-25T21:25:52","modified_gmt":"2023-08-26T00:25:52","slug":"prefeita-assina-ordem-de-servico-para-dar-inicio-as-obras-de-contencao-da-rua-jose-lourenco","status":"publish","type":"post","link":"https:\/\/diarioregionaldigital.com.br\/?p=217523","title":{"rendered":"Prefeita assina ordem de servi\u00e7o para dar in\u00edcio \u00e0s obras de conten\u00e7\u00e3o da Rua Jos\u00e9 Louren\u00e7o"},"content":{"rendered":"<p>Segundo informa\u00e7\u00f5es do site da Prefeitura de Juiz de Fora (PJF), a prefeita Margarida Salom\u00e3o assinou na tarde desta sexta-feira, 25, a ordem de servi\u00e7o para in\u00edcio das obras de conten\u00e7\u00e3o na Rua Jos\u00e9 Louren\u00e7o, localizada no bairro Borboleta. O contrato foi assinado com a empresa Geox geot\u00e9cnica e engenharia de obras LTDA. A partir da assinatura da ordem de servi\u00e7o, a empresa possui 10 dias \u00fateis para come\u00e7ar as interven\u00e7\u00f5es e a previs\u00e3o \u00e9 que as obras durem oito meses.<\/p>\n<p>\u201c\u00c9 uma obra extremamente complexa. Todo aquele maci\u00e7o de terra est\u00e1 em risco de eros\u00e3o. Ali \u00e9 uma \u00e1rea que foi mexida h\u00e1 muitos anos, de uma forma pouco preocupada com a sustentabilidade. O fato \u00e9 que o risco identificado pela Defesa Civil h\u00e1 quase 2 anos, era de um risco grav\u00edssimo. Ent\u00e3o tivemos que fazer um projeto robusto, definitivo. Todas as obras de conten\u00e7\u00e3o de encosta que a Prefeitura de Juiz de Fora est\u00e1 fazendo s\u00e3o definitivas. N\u00e3o estamos fazendo paliativos n\u00e3o, tampouco remendos. Estamos fazendo as interven\u00e7\u00f5es necess\u00e1rias\u201d, afirma a prefeita.<\/p>\n<p>Em agosto de 2021, ap\u00f3s fortes chuvas,a Rua Jos\u00e9 Louren\u00e7o foi interditada devido aos deslizamentos de encosta. De acordo com a Defesa Civil, a interdi\u00e7\u00e3o ocorreu ap\u00f3s v\u00e1rias vistorias no local.\u00a0O valor da obra \u00e9 de R$ 4.890.853,82. Segundo o secret\u00e1rio de obras, Lincoln Santos, as obras de estabiliza\u00e7\u00e3o ser\u00e3o realizadas atrav\u00e9s da constru\u00e7\u00e3o de um muro de concreto armado com tirantes (cortina atirantada), que garante a estabilidade da encosta. \u201cAl\u00e9m da constru\u00e7\u00e3o do muro, tamb\u00e9m iremos fazer a rede de drenagem, na parte superior, evitando que a \u00e1gua des\u00e7a, o que vai garantir a preven\u00e7\u00e3o e dar maior seguridade \u00e0 encosta\u201d, explica.<\/p>\n<p>Presente na cerim\u00f4nia de assinatura, o vereador Juraci Scheffer se mostrou otimista com os rumos das obras na cidade. \u201cGostaria de parabenizar a prefeita, pois a cidade est\u00e1 um verdadeiro canteiro de obras, que est\u00e3o sendo solucionadas de maneira definitiva. A perspectiva da cidade \u00e9 muito boa e estamos muito otimistas. A cidade est\u00e1 sendo bem cuidada, com uma zeladoria bem feita.<\/p>\n<p>Durante a assinatura da ordem de servi\u00e7o, tamb\u00e9m estiveram presentes moradores do bairro Borboleta, afetados pelo deslizamento, que agradeceram a prefeita pelos cuidados que a gest\u00e3o vem tendo com a regi\u00e3o.<\/p>\n","protected":false},"excerpt":{"rendered":"<p>Segundo informa\u00e7\u00f5es do site da Prefeitura de Juiz de Fora (PJF), a prefeita Margarida Salom\u00e3o assinou na tarde desta sexta-feira, 25, a ordem de servi\u00e7o para in\u00edcio das obras de conten\u00e7\u00e3o na Rua Jos\u00e9 Louren\u00e7o, localizada no bairro Borboleta. O contrato foi assinado com a empresa Geox geot\u00e9cnica e engenharia de obras LTDA. A partir [&hellip;]<\/p>\n","protected":false},"author":246,"featured_media":217524,"comment_status":"closed","ping_status":"closed","sticky":false,"template":"","format":"standard","meta":{"footnotes":""},"categories":[253,436,439],"tags":[],"class_list":["post-217523","post","type-post","status-publish","format-standard","has-post-thumbnail","hentry","category-cidade","category-destaque-da-semana","category-ultima-hora"],"_links":{"self":[{"href":"https:\/\/diarioregionaldigital.com.br\/index.php?rest_route=\/wp\/v2\/posts\/217523","targetHints":{"allow":["GET"]}}],"collection":[{"href":"https:\/\/diarioregionaldigital.com.br\/index.php?rest_route=\/wp\/v2\/posts"}],"about":[{"href":"https:\/\/diarioregionaldigital.com.br\/index.php?rest_route=\/wp\/v2\/types\/post"}],"author":[{"embeddable":true,"href":"https:\/\/diarioregionaldigital.com.br\/index.php?rest_route=\/wp\/v2\/users\/246"}],"replies":[{"embeddable":true,"href":"https:\/\/diarioregionaldigital.com.br\/index.php?rest_route=%2Fwp%2Fv2%2Fcomments&post=217523"}],"version-history":[{"count":1,"href":"https:\/\/diarioregionaldigital.com.br\/index.php?rest_route=\/wp\/v2\/posts\/217523\/revisions"}],"predecessor-version":[{"id":217525,"href":"https:\/\/diarioregionaldigital.com.br\/index.php?rest_route=\/wp\/v2\/posts\/217523\/revisions\/217525"}],"wp:featuredmedia":[{"embeddable":true,"href":"https:\/\/diarioregionaldigital.com.br\/index.php?rest_route=\/wp\/v2\/media\/217524"}],"wp:attachment":[{"href":"https:\/\/diarioregionaldigital.com.br\/index.php?rest_route=%2Fwp%2Fv2%2Fmedia&parent=217523"}],"wp:term":[{"taxonomy":"category","embeddable":true,"href":"https:\/\/diarioregionaldigital.com.br\/index.php?rest_route=%2Fwp%2Fv2%2Fcategories&post=217523"},{"taxonomy":"post_tag","embeddable":true,"href":"https:\/\/diarioregionaldigital.com.br\/index.php?rest_route=%2Fwp%2Fv2%2Ftags&post=217523"}],"curies":[{"name":"wp","href":"https:\/\/api.w.org\/{rel}","templated":true}]}}