{"id":217499,"date":"2023-08-25T20:28:46","date_gmt":"2023-08-25T23:28:46","guid":{"rendered":"https:\/\/diarioregionaldigital.com.br\/?p=217499"},"modified":"2023-08-25T20:28:46","modified_gmt":"2023-08-25T23:28:46","slug":"stf-tem-maioria-para-determinar-recalculo-de-cadeiras-na-camara","status":"publish","type":"post","link":"https:\/\/diarioregionaldigital.com.br\/?p=217499","title":{"rendered":"STF tem maioria para determinar rec\u00e1lculo de cadeiras na C\u00e2mara"},"content":{"rendered":"<p>O Supremo Tribunal Federal (STF) formou nesta sexta-feira (25) maioria de votos para determinar que a C\u00e2mara dos Deputados fa\u00e7a a redistribui\u00e7\u00e3o do atual n\u00famero de cadeiras de deputados de cada estado.\u00a0<img decoding=\"async\" src=\"https:\/\/agenciabrasil.ebc.com.br\/ebc.png?id=1551276&amp;o=node\" \/><img decoding=\"async\" src=\"https:\/\/agenciabrasil.ebc.com.br\/ebc.gif?id=1551276&amp;o=node\" \/><\/p>\n<p>At\u00e9 o momento, o placar de vota\u00e7\u00e3o \u00e9 de 7 votos a 0 pela determina\u00e7\u00e3o. O julgamento ocorre no plen\u00e1rio virtual, modalidade na qual os ministros inserem os votos no sistema eletr\u00f4nico e n\u00e3o h\u00e1 delibera\u00e7\u00e3o presencial. A sess\u00e3o ser\u00e1 encerrada \u00e0s 23h59.<\/p>\n<p>Com a decis\u00e3o, a Casa ter\u00e1 at\u00e9 30 de junho de 2025 para realizar a distribui\u00e7\u00e3o das vagas. Se a C\u00e2mara n\u00e3o fizer o rec\u00e1lculo, caber\u00e1 ao Tribunal Superior Eleitoral (TSE) determinar, at\u00e9 1\u00ba de outubro de 2025, o n\u00famero de deputados federais de cada estado e do Distrito Federal para a legislatura de 2027.<\/p>\n<p>A quest\u00e3o \u00e9 decidida a partir de uma a\u00e7\u00e3o protocolada pelo estado do Par\u00e1, em 2017. Segundo a procuradoria do Par\u00e1, uma lei de 1993 estabeleceu o n\u00famero m\u00ednimo de 8 e m\u00e1ximo de 70 deputados, mas a falta de regulamenta\u00e7\u00e3o de uma lei complementar impede a atualiza\u00e7\u00e3o do n\u00famero de representantes de cada estado conforme as mudan\u00e7as demogr\u00e1ficas.<\/p>\n<p>O Par\u00e1 espera ganhar mais quatro vagas com o rec\u00e1lculo. Atualmente, a bancada do estado \u00e9 de 18 deputados.<\/p>\n<p>A maioria do STF segue voto proferido pelo ministro Luiz Fux, que declarou omiss\u00e3o do Congresso na aprova\u00e7\u00e3o da lei para atualizar as bancadas. O novo n\u00famero dever\u00e1 ser baseado no Censo de 2022.<\/p>\n<p>\u201cA omiss\u00e3o legislativa identificada no caso concreto gera um evidente mau funcionamento do sistema democr\u00e1tico, relacionado \u00e0 subrepresenta\u00e7\u00e3o das popula\u00e7\u00f5es de alguns estados na C\u00e2mara dos Deputados em grau n\u00e3o admitido pela Constitui\u00e7\u00e3o\u201d, argumentou Fux.<\/p>\n<p>O voto foi seguido pelos ministros Cristiano Zanin, Edson Fachin, Gilmar Mendes, Rosa Weber, C\u00e1rmen L\u00facia e Alexandre de Moraes.<\/p>\n<p><span style=\"font-weight: 400;\">Fonte: Ag\u00eancia Brasil<\/span><\/p>\n","protected":false},"excerpt":{"rendered":"<p>O Supremo Tribunal Federal (STF) formou nesta sexta-feira (25) maioria de votos para determinar que a C\u00e2mara dos Deputados fa\u00e7a a redistribui\u00e7\u00e3o do atual n\u00famero de cadeiras de deputados de cada estado.\u00a0 At\u00e9 o momento, o placar de vota\u00e7\u00e3o \u00e9 de 7 votos a 0 pela determina\u00e7\u00e3o. O julgamento ocorre no plen\u00e1rio virtual, modalidade na [&hellip;]<\/p>\n","protected":false},"author":246,"featured_media":217500,"comment_status":"closed","ping_status":"closed","sticky":false,"template":"","format":"standard","meta":{"footnotes":""},"categories":[436,440,254,439],"tags":[],"class_list":["post-217499","post","type-post","status-publish","format-standard","has-post-thumbnail","hentry","category-destaque-da-semana","category-destaques-do-dia","category-politica","category-ultima-hora"],"_links":{"self":[{"href":"https:\/\/diarioregionaldigital.com.br\/index.php?rest_route=\/wp\/v2\/posts\/217499","targetHints":{"allow":["GET"]}}],"collection":[{"href":"https:\/\/diarioregionaldigital.com.br\/index.php?rest_route=\/wp\/v2\/posts"}],"about":[{"href":"https:\/\/diarioregionaldigital.com.br\/index.php?rest_route=\/wp\/v2\/types\/post"}],"author":[{"embeddable":true,"href":"https:\/\/diarioregionaldigital.com.br\/index.php?rest_route=\/wp\/v2\/users\/246"}],"replies":[{"embeddable":true,"href":"https:\/\/diarioregionaldigital.com.br\/index.php?rest_route=%2Fwp%2Fv2%2Fcomments&post=217499"}],"version-history":[{"count":1,"href":"https:\/\/diarioregionaldigital.com.br\/index.php?rest_route=\/wp\/v2\/posts\/217499\/revisions"}],"predecessor-version":[{"id":217501,"href":"https:\/\/diarioregionaldigital.com.br\/index.php?rest_route=\/wp\/v2\/posts\/217499\/revisions\/217501"}],"wp:featuredmedia":[{"embeddable":true,"href":"https:\/\/diarioregionaldigital.com.br\/index.php?rest_route=\/wp\/v2\/media\/217500"}],"wp:attachment":[{"href":"https:\/\/diarioregionaldigital.com.br\/index.php?rest_route=%2Fwp%2Fv2%2Fmedia&parent=217499"}],"wp:term":[{"taxonomy":"category","embeddable":true,"href":"https:\/\/diarioregionaldigital.com.br\/index.php?rest_route=%2Fwp%2Fv2%2Fcategories&post=217499"},{"taxonomy":"post_tag","embeddable":true,"href":"https:\/\/diarioregionaldigital.com.br\/index.php?rest_route=%2Fwp%2Fv2%2Ftags&post=217499"}],"curies":[{"name":"wp","href":"https:\/\/api.w.org\/{rel}","templated":true}]}}