{"id":217496,"date":"2023-08-25T20:18:40","date_gmt":"2023-08-25T23:18:40","guid":{"rendered":"https:\/\/diarioregionaldigital.com.br\/?p=217496"},"modified":"2023-08-25T20:18:40","modified_gmt":"2023-08-25T23:18:40","slug":"importacao-de-produtos-de-ate-us-50-subiu-11-neste-ano","status":"publish","type":"post","link":"https:\/\/diarioregionaldigital.com.br\/?p=217496","title":{"rendered":"Importa\u00e7\u00e3o de produtos de at\u00e9 US$ 50 subiu 11% neste ano"},"content":{"rendered":"<p>A importa\u00e7\u00e3o de produtos com valor de at\u00e9 US$ 50 (cerca de R$ 240) cresceu 11,4% nos sete primeiros meses deste ano, na compara\u00e7\u00e3o com o mesmo per\u00edodo de 2022. O total de itens chegou a 3,3 bilh\u00f5es, dos quais a maioria teve como origem a China.<img decoding=\"async\" src=\"https:\/\/agenciabrasil.ebc.com.br\/ebc.png?id=1551206&amp;o=node\" \/><img decoding=\"async\" src=\"https:\/\/agenciabrasil.ebc.com.br\/ebc.gif?id=1551206&amp;o=node\" \/><\/p>\n<p>Os dados s\u00e3o de um estudo divulgado nesta sexta-feira (25) pela Confedera\u00e7\u00e3o Nacional do Com\u00e9rcio de Bens, Servi\u00e7os e Turismo (CNC), no qual foi analisada a importa\u00e7\u00e3o de mais de 10 mil tipos de bens de consumo com valor individual de at\u00e9 US$ 50.<\/p>\n<p>A pesquisa mostrou que a importa\u00e7\u00e3o de produtos chineses subiu 38% neste per\u00edodo. Com isso, eles representam atualmente quase 40% do total de itens importados pelos consumidores brasileiros, com 1,3 bilh\u00e3o de unidades.<\/p>\n<p>Em segundo lugar como pa\u00eds de origem aparece o Paraguai, com apenas 296 milh\u00f5es de unidades (8,9%).<\/p>\n<p>Segundo a CNC, a alta foi estimulada pela valoriza\u00e7\u00e3o do real ante o d\u00f3lar e a alta carga tribut\u00e1ria dom\u00e9stica. \u201cA diferen\u00e7a na carga de impostos sobre o consumo no Brasil e no exterior foi um fator crucial para o aumento das importa\u00e7\u00f5es de bens de consumo\u201d, explica o\u00a0 economista respons\u00e1vel pelo estudo, Fabio Bentes.<\/p>\n<p>De acordo com a CNC, esse tipo de com\u00e9rcio reduz a competitividade do produto nacional. A confedera\u00e7\u00e3o pede que haja uma isonomia tribut\u00e1ria para as importa\u00e7\u00f5es de bens de consumo de baixo valor.<\/p>\n<p>Em 1\u00ba de agosto, entrou em vigor a\u00a0<a href=\"https:\/\/agenciabrasil.ebc.com.br\/economia\/noticia\/2023-07\/isencao-federal-para-comercio-eletronico-entra-em-vigor-nesta-terca\" target=\"_blank\" rel=\"noopener\">isen\u00e7\u00e3o federal\u00a0<\/a>para compras\u00a0<em>online<\/em>\u00a0de at\u00e9 US$ 50.<\/p>\n<p><span style=\"font-weight: 400;\">Fonte: Ag\u00eancia Brasil<\/span><\/p>\n","protected":false},"excerpt":{"rendered":"<p>A importa\u00e7\u00e3o de produtos com valor de at\u00e9 US$ 50 (cerca de R$ 240) cresceu 11,4% nos sete primeiros meses deste ano, na compara\u00e7\u00e3o com o mesmo per\u00edodo de 2022. O total de itens chegou a 3,3 bilh\u00f5es, dos quais a maioria teve como origem a China. Os dados s\u00e3o de um estudo divulgado nesta [&hellip;]<\/p>\n","protected":false},"author":246,"featured_media":217497,"comment_status":"closed","ping_status":"closed","sticky":false,"template":"","format":"standard","meta":{"footnotes":""},"categories":[436,261,439],"tags":[],"class_list":["post-217496","post","type-post","status-publish","format-standard","has-post-thumbnail","hentry","category-destaque-da-semana","category-economia","category-ultima-hora"],"_links":{"self":[{"href":"https:\/\/diarioregionaldigital.com.br\/index.php?rest_route=\/wp\/v2\/posts\/217496","targetHints":{"allow":["GET"]}}],"collection":[{"href":"https:\/\/diarioregionaldigital.com.br\/index.php?rest_route=\/wp\/v2\/posts"}],"about":[{"href":"https:\/\/diarioregionaldigital.com.br\/index.php?rest_route=\/wp\/v2\/types\/post"}],"author":[{"embeddable":true,"href":"https:\/\/diarioregionaldigital.com.br\/index.php?rest_route=\/wp\/v2\/users\/246"}],"replies":[{"embeddable":true,"href":"https:\/\/diarioregionaldigital.com.br\/index.php?rest_route=%2Fwp%2Fv2%2Fcomments&post=217496"}],"version-history":[{"count":1,"href":"https:\/\/diarioregionaldigital.com.br\/index.php?rest_route=\/wp\/v2\/posts\/217496\/revisions"}],"predecessor-version":[{"id":217498,"href":"https:\/\/diarioregionaldigital.com.br\/index.php?rest_route=\/wp\/v2\/posts\/217496\/revisions\/217498"}],"wp:featuredmedia":[{"embeddable":true,"href":"https:\/\/diarioregionaldigital.com.br\/index.php?rest_route=\/wp\/v2\/media\/217497"}],"wp:attachment":[{"href":"https:\/\/diarioregionaldigital.com.br\/index.php?rest_route=%2Fwp%2Fv2%2Fmedia&parent=217496"}],"wp:term":[{"taxonomy":"category","embeddable":true,"href":"https:\/\/diarioregionaldigital.com.br\/index.php?rest_route=%2Fwp%2Fv2%2Fcategories&post=217496"},{"taxonomy":"post_tag","embeddable":true,"href":"https:\/\/diarioregionaldigital.com.br\/index.php?rest_route=%2Fwp%2Fv2%2Ftags&post=217496"}],"curies":[{"name":"wp","href":"https:\/\/api.w.org\/{rel}","templated":true}]}}