{"id":217476,"date":"2023-08-24T21:32:32","date_gmt":"2023-08-25T00:32:32","guid":{"rendered":"https:\/\/diarioregionaldigital.com.br\/?p=217476"},"modified":"2023-08-24T21:32:32","modified_gmt":"2023-08-25T00:32:32","slug":"e-m-professor-irineu-guimaraes-realiza-projeto-focado-em-contacao-de-historias","status":"publish","type":"post","link":"https:\/\/diarioregionaldigital.com.br\/?p=217476","title":{"rendered":"E. M. Professor Irineu Guimar\u00e3es realiza projeto focado em conta\u00e7\u00e3o de hist\u00f3rias"},"content":{"rendered":"<p>Segundo informa\u00e7\u00f5es do site da Prefeitura de Juiz de Fora (PJF), a\u00a0Escola Municipal Professor Irineu Guimar\u00e3es, localizada no bairro S\u00e3o Benedito, iniciou na segunda quinzena de agosto o projeto \u201cMala de Leitura\u201d com o objetivo de buscar a participa\u00e7\u00e3o dos familiares na conta\u00e7\u00e3o de hist\u00f3rias para os estudantes e, ao mesmo tempo, inserir as crian\u00e7as no mundo da leitura e escrita.<\/p>\n<p>&nbsp;<\/p>\n<div>A iniciativa pretende potencializar a fun\u00e7\u00e3o da leitura no universo da Educa\u00e7\u00e3o Infantil por interm\u00e9dio da oferta de possibilidades de imers\u00e3o nas pr\u00e1ticas de letramento liter\u00e1rio em contexto escolar, contando com a efetiva participa\u00e7\u00e3o da fam\u00edlia.<\/div>\n<p>&nbsp;<\/p>\n<div>O projeto tem sido realizado com tr\u00eas turmas do 2\u00ba Per\u00edodo da Educa\u00e7\u00e3o Infantil, de modo que os pais nos fins de semana levem para casa a \u201cMala da Leitura\u201d com livros infantis, l\u00e1pis de colorir, borracha, giz de cera, canetinhas coloridas e caderno para registro da atividade.<\/div>\n<p>&nbsp;<\/p>\n<div>O projeto faz parte da Proposta Pedag\u00f3gica\u00a0<a href=\"https:\/\/www.pjf.mg.gov.br\/noticias\/anexo\/propostapedagogicalemundo.pdf\"><strong>\u201cL\u00ea Mundo\u201d<\/strong><\/a><strong>\u00a0<\/strong>da Secretaria de Educa\u00e7\u00e3o (SE) da Prefeitura de Juiz de Fora (PJF). Cabe destacar que n\u00e3o se trata de letramento e alfabetiza\u00e7\u00e3o de modo antecipado para crian\u00e7as da Educa\u00e7\u00e3o Infantil, mas sim de promover \u00e0s crian\u00e7as da referida institui\u00e7\u00e3o um contato sistem\u00e1tico junto \u00e0 manifesta\u00e7\u00e3o liter\u00e1ria.<\/div>\n","protected":false},"excerpt":{"rendered":"<p>Segundo informa\u00e7\u00f5es do site da Prefeitura de Juiz de Fora (PJF), a\u00a0Escola Municipal Professor Irineu Guimar\u00e3es, localizada no bairro S\u00e3o Benedito, iniciou na segunda quinzena de agosto o projeto \u201cMala de Leitura\u201d com o objetivo de buscar a participa\u00e7\u00e3o dos familiares na conta\u00e7\u00e3o de hist\u00f3rias para os estudantes e, ao mesmo tempo, inserir as crian\u00e7as [&hellip;]<\/p>\n","protected":false},"author":246,"featured_media":217477,"comment_status":"closed","ping_status":"closed","sticky":false,"template":"","format":"standard","meta":{"footnotes":""},"categories":[253,436,439],"tags":[],"class_list":["post-217476","post","type-post","status-publish","format-standard","has-post-thumbnail","hentry","category-cidade","category-destaque-da-semana","category-ultima-hora"],"_links":{"self":[{"href":"https:\/\/diarioregionaldigital.com.br\/index.php?rest_route=\/wp\/v2\/posts\/217476","targetHints":{"allow":["GET"]}}],"collection":[{"href":"https:\/\/diarioregionaldigital.com.br\/index.php?rest_route=\/wp\/v2\/posts"}],"about":[{"href":"https:\/\/diarioregionaldigital.com.br\/index.php?rest_route=\/wp\/v2\/types\/post"}],"author":[{"embeddable":true,"href":"https:\/\/diarioregionaldigital.com.br\/index.php?rest_route=\/wp\/v2\/users\/246"}],"replies":[{"embeddable":true,"href":"https:\/\/diarioregionaldigital.com.br\/index.php?rest_route=%2Fwp%2Fv2%2Fcomments&post=217476"}],"version-history":[{"count":1,"href":"https:\/\/diarioregionaldigital.com.br\/index.php?rest_route=\/wp\/v2\/posts\/217476\/revisions"}],"predecessor-version":[{"id":217478,"href":"https:\/\/diarioregionaldigital.com.br\/index.php?rest_route=\/wp\/v2\/posts\/217476\/revisions\/217478"}],"wp:featuredmedia":[{"embeddable":true,"href":"https:\/\/diarioregionaldigital.com.br\/index.php?rest_route=\/wp\/v2\/media\/217477"}],"wp:attachment":[{"href":"https:\/\/diarioregionaldigital.com.br\/index.php?rest_route=%2Fwp%2Fv2%2Fmedia&parent=217476"}],"wp:term":[{"taxonomy":"category","embeddable":true,"href":"https:\/\/diarioregionaldigital.com.br\/index.php?rest_route=%2Fwp%2Fv2%2Fcategories&post=217476"},{"taxonomy":"post_tag","embeddable":true,"href":"https:\/\/diarioregionaldigital.com.br\/index.php?rest_route=%2Fwp%2Fv2%2Ftags&post=217476"}],"curies":[{"name":"wp","href":"https:\/\/api.w.org\/{rel}","templated":true}]}}