{"id":217473,"date":"2023-08-24T21:30:47","date_gmt":"2023-08-25T00:30:47","guid":{"rendered":"https:\/\/diarioregionaldigital.com.br\/?p=217473"},"modified":"2023-08-24T21:30:47","modified_gmt":"2023-08-25T00:30:47","slug":"pjf-trabalha-na-revitalizacao-dos-canteiros-da-avenida-doutor-paulo-japiassu-coelho","status":"publish","type":"post","link":"https:\/\/diarioregionaldigital.com.br\/?p=217473","title":{"rendered":"PJF trabalha na revitaliza\u00e7\u00e3o dos canteiros da Avenida Doutor Paulo Japiass\u00fa Coelho"},"content":{"rendered":"<p>Segundo informa\u00e7\u00f5es do site da Prefeitura de Juiz de Fora (PJF), a PJF segue realizando a\u00e7\u00f5es que levam ainda mais boniteza para a cidade. Agora, ap\u00f3s a conclus\u00e3o da revitaliza\u00e7\u00e3o dos canteiros da Avenida Rio Branco, a Avenida Doutor Paulo Japiass\u00fa recebe os trabalhos.<\/p>\n<div><\/div>\n<div>As equipes da Empresa Municipal de Pavimenta\u00e7\u00e3o e Urbanidades (Empav) est\u00e3o empenhadas no servi\u00e7o. As a\u00e7\u00f5es incluem recomposi\u00e7\u00e3o de pedras lajinha e pintura nas jardineiras, pintura de meios-fios dos canteiros centrais e recomposi\u00e7\u00e3o de pedras portuguesas na passagem de pedestres.<\/div>\n<div><\/div>\n<div>\n<strong>As flores chegam a mais uma avenida<\/strong><\/div>\n<div><\/div>\n<div>Al\u00e9m das obras, os plantios executados pelo Horto Florestal da Empav tamb\u00e9m acontecem no local. A iniciativa est\u00e1 levando mais cores e beleza para diversos pontos do munic\u00edpio. Na avenida est\u00e3o sendo plantadas mudas de flores de beijo (<em>Sunpatiens spp<\/em>.) e periquito vermelho (<em>Alternanthera ficoidea<\/em>).<\/div>\n<p>&nbsp;<\/p>\n<div>As a\u00e7\u00f5es seguem em andamento na cidade e a programa\u00e7\u00e3o di\u00e1ria completa pode ser conferida na p\u00e1gina do Gabinete de A\u00e7\u00e3o e Di\u00e1logo Comunit\u00e1rio atrav\u00e9s do<a href=\"https:\/\/www.pjf.mg.gov.br\/gabinetecomunitario\/#onde\">\u00a0<strong>link<\/strong><\/a>. Para solicitar servi\u00e7os de zeladoria em vias p\u00fablicas, como tapa-buracos, poda e corte de \u00e1rvores, limpeza de pra\u00e7as e outros, entre em contato com o Gabinete de A\u00e7\u00e3o e Di\u00e1logo Comunit\u00e1rio, atrav\u00e9s do telefone (32) 3690-7241 (liga\u00e7\u00e3o ou WhatsApp).<\/div>\n","protected":false},"excerpt":{"rendered":"<p>Segundo informa\u00e7\u00f5es do site da Prefeitura de Juiz de Fora (PJF), a PJF segue realizando a\u00e7\u00f5es que levam ainda mais boniteza para a cidade. Agora, ap\u00f3s a conclus\u00e3o da revitaliza\u00e7\u00e3o dos canteiros da Avenida Rio Branco, a Avenida Doutor Paulo Japiass\u00fa recebe os trabalhos. As equipes da Empresa Municipal de Pavimenta\u00e7\u00e3o e Urbanidades (Empav) est\u00e3o [&hellip;]<\/p>\n","protected":false},"author":246,"featured_media":217474,"comment_status":"closed","ping_status":"closed","sticky":false,"template":"","format":"standard","meta":{"footnotes":""},"categories":[253,436,439],"tags":[],"class_list":["post-217473","post","type-post","status-publish","format-standard","has-post-thumbnail","hentry","category-cidade","category-destaque-da-semana","category-ultima-hora"],"_links":{"self":[{"href":"https:\/\/diarioregionaldigital.com.br\/index.php?rest_route=\/wp\/v2\/posts\/217473","targetHints":{"allow":["GET"]}}],"collection":[{"href":"https:\/\/diarioregionaldigital.com.br\/index.php?rest_route=\/wp\/v2\/posts"}],"about":[{"href":"https:\/\/diarioregionaldigital.com.br\/index.php?rest_route=\/wp\/v2\/types\/post"}],"author":[{"embeddable":true,"href":"https:\/\/diarioregionaldigital.com.br\/index.php?rest_route=\/wp\/v2\/users\/246"}],"replies":[{"embeddable":true,"href":"https:\/\/diarioregionaldigital.com.br\/index.php?rest_route=%2Fwp%2Fv2%2Fcomments&post=217473"}],"version-history":[{"count":1,"href":"https:\/\/diarioregionaldigital.com.br\/index.php?rest_route=\/wp\/v2\/posts\/217473\/revisions"}],"predecessor-version":[{"id":217475,"href":"https:\/\/diarioregionaldigital.com.br\/index.php?rest_route=\/wp\/v2\/posts\/217473\/revisions\/217475"}],"wp:featuredmedia":[{"embeddable":true,"href":"https:\/\/diarioregionaldigital.com.br\/index.php?rest_route=\/wp\/v2\/media\/217474"}],"wp:attachment":[{"href":"https:\/\/diarioregionaldigital.com.br\/index.php?rest_route=%2Fwp%2Fv2%2Fmedia&parent=217473"}],"wp:term":[{"taxonomy":"category","embeddable":true,"href":"https:\/\/diarioregionaldigital.com.br\/index.php?rest_route=%2Fwp%2Fv2%2Fcategories&post=217473"},{"taxonomy":"post_tag","embeddable":true,"href":"https:\/\/diarioregionaldigital.com.br\/index.php?rest_route=%2Fwp%2Fv2%2Ftags&post=217473"}],"curies":[{"name":"wp","href":"https:\/\/api.w.org\/{rel}","templated":true}]}}