{"id":217466,"date":"2023-08-24T21:14:28","date_gmt":"2023-08-25T00:14:28","guid":{"rendered":"https:\/\/diarioregionaldigital.com.br\/?p=217466"},"modified":"2023-08-24T21:14:28","modified_gmt":"2023-08-25T00:14:28","slug":"barbara-domingos-garante-presenca-nos-jogos-de-paris","status":"publish","type":"post","link":"https:\/\/diarioregionaldigital.com.br\/?p=217466","title":{"rendered":"B\u00e1rbara Domingos garante presen\u00e7a nos Jogos de Paris"},"content":{"rendered":"<p>A brasileira B\u00e1rbara Domingos garantiu presen\u00e7a no individual geral de gin\u00e1stica r\u00edtmica dos Jogos Ol\u00edmpicos de 2024, que ser\u00e3o disputados em Paris (Fran\u00e7a), ap\u00f3s se classificar, nesta quinta-feira (24), para a final do Mundial da modalidade, que est\u00e1 sendo disputado em Val\u00eancia (Espanha).<img decoding=\"async\" src=\"https:\/\/agenciabrasil.ebc.com.br\/ebc.png?id=1550992&amp;o=node\" \/><img decoding=\"async\" src=\"https:\/\/agenciabrasil.ebc.com.br\/ebc.gif?id=1550992&amp;o=node\" \/><\/p>\n<p>A atleta de 23 anos, que se apresentou ao som de \u201cBad Romance\u201d, de Lady Gaga, e de &#8220;Garota de Ipanema\u201d, alcan\u00e7ou a vaga ap\u00f3s encerrar a fase classificat\u00f3ria do individual geral na 14\u00aa posi\u00e7\u00e3o. A final ser\u00e1 disputada no pr\u00f3ximo s\u00e1bado (26).<\/p>\n<p>\u201cConseguir vaga num Campeonato Mundial \u00e9 tremendamente significativo para mim. Meu objetivo sempre foi esse. Desde que bati na trave e n\u00e3o consegui a vaga para T\u00f3quio, eu estabeleci essa meta. Precisei ter muita resili\u00eancia neste ciclo. No final de 2021 tive que operar o quadril. Isso testou a minha determina\u00e7\u00e3o. Depois que me recuperei, levantei a cabe\u00e7a e coloquei dentro dela que no Mundial de 2023 eu ia pegar minha vaga para Paris. O que eu sinto hoje \u00e9 realiza\u00e7\u00e3o. Isso diz tudo\u201d, declarou a brasileira.<\/p>\n<p>Al\u00e9m disso, B\u00e1rbara Domingos ficou na 7\u00aa posi\u00e7\u00e3o na final de ma\u00e7as. Mas, mesmo ficando fora do p\u00f3dio, o resultado da atleta foi hist\u00f3rico, pois ela se tornou a primeira brasileira a alcan\u00e7ar uma final por aparelhos em um Mundial.<\/p>\n<p><span style=\"font-weight: 400;\"><br \/>\n<\/span><span style=\"font-weight: 400;\">Fonte: Ag\u00eancia Brasil <\/span><\/p>\n","protected":false},"excerpt":{"rendered":"<p>A brasileira B\u00e1rbara Domingos garantiu presen\u00e7a no individual geral de gin\u00e1stica r\u00edtmica dos Jogos Ol\u00edmpicos de 2024, que ser\u00e3o disputados em Paris (Fran\u00e7a), ap\u00f3s se classificar, nesta quinta-feira (24), para a final do Mundial da modalidade, que est\u00e1 sendo disputado em Val\u00eancia (Espanha). A atleta de 23 anos, que se apresentou ao som de \u201cBad [&hellip;]<\/p>\n","protected":false},"author":246,"featured_media":217467,"comment_status":"closed","ping_status":"closed","sticky":false,"template":"","format":"standard","meta":{"footnotes":""},"categories":[436,257,439],"tags":[],"class_list":["post-217466","post","type-post","status-publish","format-standard","has-post-thumbnail","hentry","category-destaque-da-semana","category-esporte","category-ultima-hora"],"_links":{"self":[{"href":"https:\/\/diarioregionaldigital.com.br\/index.php?rest_route=\/wp\/v2\/posts\/217466","targetHints":{"allow":["GET"]}}],"collection":[{"href":"https:\/\/diarioregionaldigital.com.br\/index.php?rest_route=\/wp\/v2\/posts"}],"about":[{"href":"https:\/\/diarioregionaldigital.com.br\/index.php?rest_route=\/wp\/v2\/types\/post"}],"author":[{"embeddable":true,"href":"https:\/\/diarioregionaldigital.com.br\/index.php?rest_route=\/wp\/v2\/users\/246"}],"replies":[{"embeddable":true,"href":"https:\/\/diarioregionaldigital.com.br\/index.php?rest_route=%2Fwp%2Fv2%2Fcomments&post=217466"}],"version-history":[{"count":1,"href":"https:\/\/diarioregionaldigital.com.br\/index.php?rest_route=\/wp\/v2\/posts\/217466\/revisions"}],"predecessor-version":[{"id":217468,"href":"https:\/\/diarioregionaldigital.com.br\/index.php?rest_route=\/wp\/v2\/posts\/217466\/revisions\/217468"}],"wp:featuredmedia":[{"embeddable":true,"href":"https:\/\/diarioregionaldigital.com.br\/index.php?rest_route=\/wp\/v2\/media\/217467"}],"wp:attachment":[{"href":"https:\/\/diarioregionaldigital.com.br\/index.php?rest_route=%2Fwp%2Fv2%2Fmedia&parent=217466"}],"wp:term":[{"taxonomy":"category","embeddable":true,"href":"https:\/\/diarioregionaldigital.com.br\/index.php?rest_route=%2Fwp%2Fv2%2Fcategories&post=217466"},{"taxonomy":"post_tag","embeddable":true,"href":"https:\/\/diarioregionaldigital.com.br\/index.php?rest_route=%2Fwp%2Fv2%2Ftags&post=217466"}],"curies":[{"name":"wp","href":"https:\/\/api.w.org\/{rel}","templated":true}]}}