{"id":217454,"date":"2023-08-24T20:54:13","date_gmt":"2023-08-24T23:54:13","guid":{"rendered":"https:\/\/diarioregionaldigital.com.br\/?p=217454"},"modified":"2023-08-24T20:54:13","modified_gmt":"2023-08-24T23:54:13","slug":"mauro-cid-fica-em-silencio-ao-depor-a-cpi-da-camara-distrital","status":"publish","type":"post","link":"https:\/\/diarioregionaldigital.com.br\/?p=217454","title":{"rendered":"Mauro Cid fica em sil\u00eancio ao depor \u00e0 CPI da C\u00e2mara Distrital"},"content":{"rendered":"<p>Convocado a depor \u00e0 Comiss\u00e3o Parlamentar de Inqu\u00e9rito dos Atos Antidemocr\u00e1ticos da C\u00e2mara Legislativa do Distrito Federal, o tenente-coronel Mauro Cid, ex-ajudante de ordem do ex-presidente Jair Bolsonaro, decidiu permanecer em sil\u00eancio, deixando de responder \u00e0s perguntas que lhe forem feitas ao longo desta quinta-feira (24).<img decoding=\"async\" src=\"https:\/\/agenciabrasil.ebc.com.br\/ebc.png?id=1550784&amp;o=node\" \/><img decoding=\"async\" src=\"https:\/\/agenciabrasil.ebc.com.br\/ebc.gif?id=1550784&amp;o=node\" \/><\/p>\n<p>\u201cSem qualquer inten\u00e7\u00e3o de desrespeitar vossas excel\u00eancias e os trabalhos conduzidos por esta CPI, considerando minha inequ\u00edvoca condi\u00e7\u00e3o de investigado e por orienta\u00e7\u00e3o de minha defesa t\u00e9cnica, farei uso, em toda esta sess\u00e3o, do meu direito constitucional ao sil\u00eancio\u201d, declarou o militar antes que os deputados distritais membros da CPI come\u00e7assem a interrog\u00e1-lo.<\/p>\n<p>Conforme fez em julho, quando prestou depoimento \u00e0\u00a0<a href=\"https:\/\/agenciabrasil.ebc.com.br\/politica\/noticia\/2023-07\/ex-ajudante-de-ordens-de-bolsonaro-diz-que-nao-participava-de-decisoes\" target=\"_blank\" rel=\"noopener\">Comiss\u00e3o Parlamentar Mista de Inqu\u00e9rito (CPMI) do Congresso Nacional<\/a>, Cid se apresentou fardado perante os deputados distritais, usando o uniforme do Ex\u00e9rcito, com todas suas condecora\u00e7\u00f5es vis\u00edveis.<\/p>\n<p>Cid foi convocado a depor como testemunha sobre os fatos que culminaram na invas\u00e3o e\u00a0<a href=\"https:\/\/agenciabrasil.ebc.com.br\/tags\/atos-antidemocraticos\" target=\"_blank\" rel=\"noopener\">depreda\u00e7\u00e3o do Pal\u00e1cio do Planalto, do Congresso Nacional e da sede do Supremo Tribunal Federal (STF)<\/a>, em Bras\u00edlia, em 8 de janeiro deste ano.<\/p>\n<p>Na condi\u00e7\u00e3o de testemunha, o tenente-coronel tem o \u201cdever de dizer a verdade, sob pena de incorrer em crimes previstos no C\u00f3digo Penal\u201d, conforme lembrou o presidente da CPI, o deputado distrital Chico Vigilante (PT-DF), acrescentando que, ainda assim, Cid n\u00e3o precisaria responder \u00e0s perguntas que pudessem o incriminar.<\/p>\n<p>Contudo, o pr\u00f3prio advogado de Cid, Cezar Bitencourt, fez quest\u00e3o de destacar que seu cliente n\u00e3o \u00e9 uma mera testemunha dos fatos ocorridos em 8 de janeiro. \u201cQuem est\u00e1 envolvido nos fatos, quem \u00e9 investigado n\u00e3o \u00e9 testemunha. \u00c9 indiciado. E, como tal, tem o direito ao sil\u00eancio\u201d, frisou Bitencourt, antecipando que orientaria Cid a n\u00e3o responder pelo menos parte das perguntas que lhe ser\u00e3o feitas durante a sess\u00e3o.<\/p>\n<p>O ex-ajudante de ordens do ex-presidente da Rep\u00fablica Jair Bolsonaro, est\u00e1 preso desde o dia 3 de maio, acusado de envolvimento em um esquema de falsifica\u00e7\u00e3o de cart\u00f5es de vacina que beneficiariam seus parentes; o ex-presidente Bolsonaro e familiares do ex-presidente. Al\u00e9m disso, o militar, de 44 anos de idade, responde a outros inqu\u00e9ritos, como o que investiga as motiva\u00e7\u00f5es e os respons\u00e1veis pelos atos de 8 de janeiro, e o que apura o desvio e tentativa de venda de joias que autoridades sauditas presentearam Bolsonaro e a ex-primeira-dama Michelle Bolsonaro.<\/p>\n<p>Durante sua fala inicial, o ex-ajudante de ordens de Bolsonaro voltou a repetir, em sua defesa, que ao longo de 27 anos de servi\u00e7o militar, ocupou v\u00e1rios postos, tendo, inclusive, sido observador militar das Na\u00e7\u00f5es Unidas no Chipre e instrutor da Academia Militar das Agulhas Negras (Aman). Cid disse ter sido designado chefe da Ajudan\u00e7a de Ordens da Presid\u00eancia da Rep\u00fablica diretamente pelo comando do Ex\u00e9rcito.<\/p>\n<p>\u201cMinha nomea\u00e7\u00e3o jamais teve qualquer inger\u00eancia pol\u00edtica\u201d, afirmou Cid, garantindo que, apesar do cargo lhe conferir proximidade com o ex-presidente, n\u00e3o participava das atividades relacionadas \u00e0 administra\u00e7\u00e3o p\u00fablica. \u201c\u00c0 ajudan\u00e7a de ordens compete prestar os servi\u00e7os de assist\u00eancia direta e imediata ao presidente nos assuntos de natureza pessoal, em regime de atendimento permanente e ininterrupto, em Bras\u00edlia ou em viagens\u201d.<\/p>\n<p>Cid tamb\u00e9m lembrou que cabe ao ajudante de ordens do presidente \u201creceber as correspond\u00eancias e objetos entregues ao presidente em cerim\u00f4nias e viagens e os encaminh\u00e1-los aos setores competentes\u201d.<\/p>\n<h2>Joias sauditas<\/h2>\n<p>Conforme investiga\u00e7\u00f5es preliminares da Pol\u00edcia Federal (PF), ao menos parte das joias sauditas que Bolsonaro e seus assessores receberam n\u00e3o foram devidamente apresentadas ao setor do Pal\u00e1cio do Planalto respons\u00e1vel por catalogar os presentes dados aos presidentes, indicando quais deles s\u00e3o de uso pessoal, podendo ser incorporados aos acervos privados, e quais s\u00e3o bens da Uni\u00e3o.<\/p>\n<p>\u201cNa pr\u00e1tica, a fun\u00e7\u00e3o do ajudante de ordem consistia, basicamente, em um servi\u00e7o de secretariado executivo do ex-presidente\u201d, disse Cid, repetindo o mesmo texto que leu em julho, \u00e0 Comiss\u00e3o Parlamentar Mista de Inqu\u00e9rito do Congresso Nacional.<\/p>\n<p>\u201cNo dia a dia das reuni\u00f5es e agendas do ex-presidente, recepcion\u00e1vamos os participantes e os direcion\u00e1vamos ao local desejado, ficando do lado de fora das salas de reuni\u00e3o, sempre \u00e0 disposi\u00e7\u00e3o. N\u00e3o question\u00e1vamos o que era tratado nas respectivas agendas e reuni\u00f5es\u201d, disse o militar.<\/p>\n<p>Consultado se h\u00e1 uma norma ou regra sobre o uso da farda em tais situa\u00e7\u00f5es,\u00a0o Ex\u00e9rcito se limitou a informar, em nota, que\u00a0todos os militares da For\u00e7a que estejam na ativa e que sejam convocados a prestar depoimento devido ao exerc\u00edcio de suas fun\u00e7\u00f5es &#8220;comparecem devidamente uniformizados&#8221; perante comiss\u00f5es parlamentares de investiga\u00e7\u00e3o e do Poder Judici\u00e1rio.&#8221;<\/p>\n<p><span style=\"font-weight: 400;\">Fonte: Ag\u00eancia Brasil <\/span><\/p>\n","protected":false},"excerpt":{"rendered":"<p>Convocado a depor \u00e0 Comiss\u00e3o Parlamentar de Inqu\u00e9rito dos Atos Antidemocr\u00e1ticos da C\u00e2mara Legislativa do Distrito Federal, o tenente-coronel Mauro Cid, ex-ajudante de ordem do ex-presidente Jair Bolsonaro, decidiu permanecer em sil\u00eancio, deixando de responder \u00e0s perguntas que lhe forem feitas ao longo desta quinta-feira (24). \u201cSem qualquer inten\u00e7\u00e3o de desrespeitar vossas excel\u00eancias e os [&hellip;]<\/p>\n","protected":false},"author":246,"featured_media":217455,"comment_status":"closed","ping_status":"closed","sticky":false,"template":"","format":"standard","meta":{"footnotes":""},"categories":[436,254,439],"tags":[],"class_list":["post-217454","post","type-post","status-publish","format-standard","has-post-thumbnail","hentry","category-destaque-da-semana","category-politica","category-ultima-hora"],"_links":{"self":[{"href":"https:\/\/diarioregionaldigital.com.br\/index.php?rest_route=\/wp\/v2\/posts\/217454","targetHints":{"allow":["GET"]}}],"collection":[{"href":"https:\/\/diarioregionaldigital.com.br\/index.php?rest_route=\/wp\/v2\/posts"}],"about":[{"href":"https:\/\/diarioregionaldigital.com.br\/index.php?rest_route=\/wp\/v2\/types\/post"}],"author":[{"embeddable":true,"href":"https:\/\/diarioregionaldigital.com.br\/index.php?rest_route=\/wp\/v2\/users\/246"}],"replies":[{"embeddable":true,"href":"https:\/\/diarioregionaldigital.com.br\/index.php?rest_route=%2Fwp%2Fv2%2Fcomments&post=217454"}],"version-history":[{"count":1,"href":"https:\/\/diarioregionaldigital.com.br\/index.php?rest_route=\/wp\/v2\/posts\/217454\/revisions"}],"predecessor-version":[{"id":217456,"href":"https:\/\/diarioregionaldigital.com.br\/index.php?rest_route=\/wp\/v2\/posts\/217454\/revisions\/217456"}],"wp:featuredmedia":[{"embeddable":true,"href":"https:\/\/diarioregionaldigital.com.br\/index.php?rest_route=\/wp\/v2\/media\/217455"}],"wp:attachment":[{"href":"https:\/\/diarioregionaldigital.com.br\/index.php?rest_route=%2Fwp%2Fv2%2Fmedia&parent=217454"}],"wp:term":[{"taxonomy":"category","embeddable":true,"href":"https:\/\/diarioregionaldigital.com.br\/index.php?rest_route=%2Fwp%2Fv2%2Fcategories&post=217454"},{"taxonomy":"post_tag","embeddable":true,"href":"https:\/\/diarioregionaldigital.com.br\/index.php?rest_route=%2Fwp%2Fv2%2Ftags&post=217454"}],"curies":[{"name":"wp","href":"https:\/\/api.w.org\/{rel}","templated":true}]}}