{"id":217433,"date":"2023-08-24T06:00:23","date_gmt":"2023-08-24T09:00:23","guid":{"rendered":"https:\/\/diarioregionaldigital.com.br\/?p=217433"},"modified":"2023-08-24T03:07:47","modified_gmt":"2023-08-24T06:07:47","slug":"prefeitura-municipal-de-descoberto-extrato-sicoob-24-08-2023","status":"publish","type":"post","link":"https:\/\/diarioregionaldigital.com.br\/?p=217433","title":{"rendered":"Prefeitura Municipal de Descoberto &#8211; Extrato Sicoob &#8211; 24\/08\/2023"},"content":{"rendered":"<p style=\"text-align: center;\"><strong>EXTRATO DE TERCEIRO TERMO ADITIVO DE CONTRATO<\/strong><\/p>\n<p style=\"text-align: center;\">3\u00ba Termo Aditivo. Pref. Municipal de Descoberto x Cooperativa de Cr\u00e9dito Credimata Ltda &#8211; Sicoob Credimata &#8211; Objeto: Modifica\u00e7\u00e3o do prazo\u00a0 de vig\u00eancia do contrato, que passar\u00e1 a vigorar de 04\/08\/23 a 04\/08\/24 \u00a0&#8211; Fundamento: Dispensa 004\/2020- Valor Total\/Estimado: 7.980,00 \u2013 Vig\u00eancia: 04\/08\/23 a 04\/08\/24 -Dot or\u00e7: 02.02003.04.122.0002.255-339039\/100- Ass: 04\/08\/2023 &#8211; Foro: S\u00e3o Jo\u00e3o Nepomuceno\/MG.<\/p>\n<p style=\"text-align: center;\"><strong>Marcos de Ara\u00fajo Lima<\/strong><\/p>\n<p style=\"text-align: center;\"><strong>Prefeito Municipal<\/strong><\/p>\n<p style=\"text-align: center;\">\n<p>&nbsp;<\/p>\n<p>&nbsp;<\/p>\n","protected":false},"excerpt":{"rendered":"<p>EXTRATO DE TERCEIRO TERMO ADITIVO DE CONTRATO 3\u00ba Termo Aditivo. Pref. Municipal de Descoberto x Cooperativa de Cr\u00e9dito Credimata Ltda &#8211; Sicoob Credimata &#8211; Objeto: Modifica\u00e7\u00e3o do prazo\u00a0 de vig\u00eancia do contrato, que passar\u00e1 a vigorar de 04\/08\/23 a 04\/08\/24 \u00a0&#8211; Fundamento: Dispensa 004\/2020- Valor Total\/Estimado: 7.980,00 \u2013 Vig\u00eancia: 04\/08\/23 a 04\/08\/24 -Dot or\u00e7: 02.02003.04.122.0002.255-339039\/100- [&hellip;]<\/p>\n","protected":false},"author":96,"featured_media":0,"comment_status":"closed","ping_status":"closed","sticky":false,"template":"","format":"standard","meta":{"footnotes":""},"categories":[307],"tags":[],"class_list":["post-217433","post","type-post","status-publish","format-standard","hentry","category-editais"],"_links":{"self":[{"href":"https:\/\/diarioregionaldigital.com.br\/index.php?rest_route=\/wp\/v2\/posts\/217433","targetHints":{"allow":["GET"]}}],"collection":[{"href":"https:\/\/diarioregionaldigital.com.br\/index.php?rest_route=\/wp\/v2\/posts"}],"about":[{"href":"https:\/\/diarioregionaldigital.com.br\/index.php?rest_route=\/wp\/v2\/types\/post"}],"author":[{"embeddable":true,"href":"https:\/\/diarioregionaldigital.com.br\/index.php?rest_route=\/wp\/v2\/users\/96"}],"replies":[{"embeddable":true,"href":"https:\/\/diarioregionaldigital.com.br\/index.php?rest_route=%2Fwp%2Fv2%2Fcomments&post=217433"}],"version-history":[{"count":1,"href":"https:\/\/diarioregionaldigital.com.br\/index.php?rest_route=\/wp\/v2\/posts\/217433\/revisions"}],"predecessor-version":[{"id":217434,"href":"https:\/\/diarioregionaldigital.com.br\/index.php?rest_route=\/wp\/v2\/posts\/217433\/revisions\/217434"}],"wp:attachment":[{"href":"https:\/\/diarioregionaldigital.com.br\/index.php?rest_route=%2Fwp%2Fv2%2Fmedia&parent=217433"}],"wp:term":[{"taxonomy":"category","embeddable":true,"href":"https:\/\/diarioregionaldigital.com.br\/index.php?rest_route=%2Fwp%2Fv2%2Fcategories&post=217433"},{"taxonomy":"post_tag","embeddable":true,"href":"https:\/\/diarioregionaldigital.com.br\/index.php?rest_route=%2Fwp%2Fv2%2Ftags&post=217433"}],"curies":[{"name":"wp","href":"https:\/\/api.w.org\/{rel}","templated":true}]}}