{"id":217426,"date":"2023-08-22T13:09:12","date_gmt":"2023-08-22T16:09:12","guid":{"rendered":"https:\/\/diarioregionaldigital.com.br\/?p=217426"},"modified":"2023-08-22T13:09:12","modified_gmt":"2023-08-22T16:09:12","slug":"pjf-convoca-proponentes-habilitados-no-edital-das-feiras-que-nao-foram-convocados-na-primeira-chamada-do-processo-de-heteroidentificacao","status":"publish","type":"post","link":"https:\/\/diarioregionaldigital.com.br\/?p=217426","title":{"rendered":"PJF convoca proponentes habilitados no edital das feiras que n\u00e3o foram convocados na primeira chamada do processo de heteroidentifica\u00e7\u00e3o"},"content":{"rendered":"<p>Segundo informa\u00e7\u00f5es do site da Prefeitura de Juiz de Fora (PJF), a <span style=\"color: #333333; font-size: 16px;\">PJF, atrav\u00e9s da Secretaria de Agricultura, Pecu\u00e1ria e Abastecimento (Seapa), convoca os proponentes habilitados no edital das feiras livres de Juiz de Fora (Concorr\u00eancia 013\/2022), que se autodeclararam Pretos, Pardos e Ind\u00edgenas, atrav\u00e9s da entrega do formul\u00e1rio de autodeclara\u00e7\u00e3o \u00c9tnico-Racial (Anexo VI do edital), e que n\u00e3o foram convocados na primeira chamada do processo de heteroidentifica\u00e7\u00e3o.<\/span><\/p>\n<div id=\"box_texto_noticia\">\n<div>A avalia\u00e7\u00e3o ser\u00e1 feita no dia 5 de setembro \u00e0s 14h30, na sala de reuni\u00f5es da Secretaria de Transforma\u00e7\u00e3o Digital e Administrativa (STDA), localizada na Avenida Brasil, 2001, 7\u00ba andar, Centro. Conforme ocorreu na primeira convoca\u00e7\u00e3o realizada no dia 7 de agosto, os proponentes ser\u00e3o avaliados pela Comiss\u00e3o de Heteroidentifica\u00e7\u00e3o, conforme\u00a0<strong><a href=\"https:\/\/www.pjf.mg.gov.br\/e_atos\/e_atos_vis.php?id=108244\">Portaria N.\u00ba 97 &#8211; SEAPA<\/a><\/strong>.<\/div>\n<div>A lista com os nomes de todos os proponentes convocados para serem avaliados encontra-se em anexo na publica\u00e7\u00e3o de convoca\u00e7\u00e3o divulgada no\u00a0<strong><a href=\"https:\/\/www.pjf.mg.gov.br\/e_atos\/e_atos_vis.php?id=108507\">Atos do Governo<\/a><\/strong>. Confira a\u00a0<strong><a href=\"https:\/\/www.pjf.mg.gov.br\/e_atos\/anexos\/avaliacao_fenotipica_da_Comissao_de_Heteroidentificacao_do_Edital_013_2022_SEAPA_144422.pdf\">listagem dos nomes<\/a>.<\/strong><\/div>\n<div>As avalia\u00e7\u00f5es fenot\u00edpicas dos proponentes ocorrer\u00e3o em sess\u00e3o p\u00fablica gravada. Caso o proponente convocado n\u00e3o compare\u00e7a ou recusar a grava\u00e7\u00e3o, ou indeferimento da autodeclara\u00e7\u00e3o \u00c9tnico-Racial, por parte da Comiss\u00e3o de Heteroidentifica\u00e7\u00e3o, implicar\u00e1 somente na n\u00e3o contabiliza\u00e7\u00e3o dos cinco pontos de classifica\u00e7\u00e3o previstos no item seis do Edital e n\u00e3o implicar\u00e1 em sua elimina\u00e7\u00e3o no processo de concorr\u00eancia em refer\u00eancia.<\/div>\n<\/div>\n<p>&nbsp;<\/p>\n<div id=\"box_compartilhar\" align=\"right\"><\/div>\n","protected":false},"excerpt":{"rendered":"<p>Segundo informa\u00e7\u00f5es do site da Prefeitura de Juiz de Fora (PJF), a PJF, atrav\u00e9s da Secretaria de Agricultura, Pecu\u00e1ria e Abastecimento (Seapa), convoca os proponentes habilitados no edital das feiras livres de Juiz de Fora (Concorr\u00eancia 013\/2022), que se autodeclararam Pretos, Pardos e Ind\u00edgenas, atrav\u00e9s da entrega do formul\u00e1rio de autodeclara\u00e7\u00e3o \u00c9tnico-Racial (Anexo VI do [&hellip;]<\/p>\n","protected":false},"author":246,"featured_media":217427,"comment_status":"closed","ping_status":"closed","sticky":false,"template":"","format":"standard","meta":{"footnotes":""},"categories":[253,436,439],"tags":[],"class_list":["post-217426","post","type-post","status-publish","format-standard","has-post-thumbnail","hentry","category-cidade","category-destaque-da-semana","category-ultima-hora"],"_links":{"self":[{"href":"https:\/\/diarioregionaldigital.com.br\/index.php?rest_route=\/wp\/v2\/posts\/217426","targetHints":{"allow":["GET"]}}],"collection":[{"href":"https:\/\/diarioregionaldigital.com.br\/index.php?rest_route=\/wp\/v2\/posts"}],"about":[{"href":"https:\/\/diarioregionaldigital.com.br\/index.php?rest_route=\/wp\/v2\/types\/post"}],"author":[{"embeddable":true,"href":"https:\/\/diarioregionaldigital.com.br\/index.php?rest_route=\/wp\/v2\/users\/246"}],"replies":[{"embeddable":true,"href":"https:\/\/diarioregionaldigital.com.br\/index.php?rest_route=%2Fwp%2Fv2%2Fcomments&post=217426"}],"version-history":[{"count":1,"href":"https:\/\/diarioregionaldigital.com.br\/index.php?rest_route=\/wp\/v2\/posts\/217426\/revisions"}],"predecessor-version":[{"id":217428,"href":"https:\/\/diarioregionaldigital.com.br\/index.php?rest_route=\/wp\/v2\/posts\/217426\/revisions\/217428"}],"wp:featuredmedia":[{"embeddable":true,"href":"https:\/\/diarioregionaldigital.com.br\/index.php?rest_route=\/wp\/v2\/media\/217427"}],"wp:attachment":[{"href":"https:\/\/diarioregionaldigital.com.br\/index.php?rest_route=%2Fwp%2Fv2%2Fmedia&parent=217426"}],"wp:term":[{"taxonomy":"category","embeddable":true,"href":"https:\/\/diarioregionaldigital.com.br\/index.php?rest_route=%2Fwp%2Fv2%2Fcategories&post=217426"},{"taxonomy":"post_tag","embeddable":true,"href":"https:\/\/diarioregionaldigital.com.br\/index.php?rest_route=%2Fwp%2Fv2%2Ftags&post=217426"}],"curies":[{"name":"wp","href":"https:\/\/api.w.org\/{rel}","templated":true}]}}