{"id":217419,"date":"2023-08-22T13:02:14","date_gmt":"2023-08-22T16:02:14","guid":{"rendered":"https:\/\/diarioregionaldigital.com.br\/?p=217419"},"modified":"2023-08-22T13:02:14","modified_gmt":"2023-08-22T16:02:14","slug":"encontro-de-folia-de-reis-e-charolas-de-sao-sebastiao-e-retomado-em-juiz-de-fora","status":"publish","type":"post","link":"https:\/\/diarioregionaldigital.com.br\/?p=217419","title":{"rendered":"Encontro de Folia de Reis e Charolas de S\u00e3o Sebasti\u00e3o \u00e9 retomado em Juiz de Fora"},"content":{"rendered":"<p>Segundo informa\u00e7\u00f5es do site da Prefeitura de Juiz de Fora (PJF), realizado pela \u00faltima vez em 2019, o tradicional Encontro de Folia de Reis e Charolas de S\u00e3o Sebasti\u00e3o volta a acontecer este ano em Juiz de Fora. A 18\u00aa edi\u00e7\u00e3o do evento est\u00e1 agendada para este s\u00e1bado, 26, na Pra\u00e7a Ant\u00f4nio Carlos (PAC), no Centro, a partir das 15h. Antecipando as apresenta\u00e7\u00f5es, haver\u00e1 um cortejo saindo do Parque Halfeld, \u00e0s 14h, descendo o cal\u00e7ad\u00e3o e passando pela Avenida Get\u00falio Vargas, at\u00e9 a PAC. Em 2023, o encontro reunir\u00e1 oito grupos de Juiz de Fora e dois de Duque de Caxias (RJ), al\u00e9m de ter participa\u00e7\u00e3o especial do Grupo Ingoma.<\/p>\n<p>O encontro \u00e9 promovido pela\u00a0Associa\u00e7\u00e3o dos Grupos Folcl\u00f3ricos de Minas (Assgrufominas), em parceria com o Ingoma. A Prefeitura de Juiz de Fora (PJF), por meio da Funda\u00e7\u00e3o Cultural Alfredo Ferreira Lage (Funalfa), e o S\u00e3o Bartolomeu apoiam o evento.<\/p>\n<p>O presidente da Associa\u00e7\u00e3o, Andr\u00e9 L Brasilino (Andr\u00e9 Folia) lembra que o \u00faltimo encontro foi realizado em agosto de 2019, no Teatro Paschoal Carlos Magno. Depois, em decorr\u00eancia dos protocolos de conten\u00e7\u00e3o da Covid-19, o evento foi suspenso, sendo preciso rearticular os grupos. \u201cPara n\u00f3s \u00e9 uma vit\u00f3ria poder retornar com o Encontro de Folias de Reis e Charolas de S\u00e3o Sebasti\u00e3o em Juiz de Fora. Esse evento fortalece nossa cultura e nossa f\u00e9.\u201d<\/p>\n<p>Ordem de apresenta\u00e7\u00e3o:<\/p>\n<p>1 &#8211; Charola Batalh\u00e3o de Amor e F\u00e9 | Juiz de Fora<\/p>\n<p>2 &#8211; Charola Amigos de S\u00e3o Sebasti\u00e3o | Juiz de Fora<\/p>\n<p>3 \u2013 Folia Estrela do Amanh\u00e3 | Juiz de Fora<\/p>\n<p>4 \u2013 Folia A Caminho da Salva\u00e7\u00e3o | Juiz de Fora<\/p>\n<p>5 \u2013 Folia A Caminho de Bel\u00e9m | Juiz de Fora<\/p>\n<p>6 \u2013 Folia Resposta do Oriente Jesus Vivo | Juiz de Fora<\/p>\n<p>7 \u2013 Folia Sinal dos Tr\u00eas Reis Magos do Oriente | Juiz de Fora<\/p>\n<p>8 \u2013 Folia Estrela de Bel\u00e9m | Juiz de Fora<\/p>\n<p>9 \u2013 Folia Reizado Flor da Primavera (Mestre Bokinha) | Duque de Caxias<\/p>\n<p>10 \u2013 Folia Estrela do Oriente (Mestre Paulo) | Duque de Caxias<\/p>\n<p>11 \u2013 Show com Ingoma<\/p>\n<p>Reconhecidas como \u201cPatrim\u00f4nio Cultural Imaterial do Estado de Minas Gerais\u201d, as folias de reis s\u00e3o associadas \u00e0 tradi\u00e7\u00e3o crist\u00e3 portuguesa e espanhola, trazida para o Brasil provavelmente no s\u00e9culo 19. Com versos preservados de gera\u00e7\u00e3o em gera\u00e7\u00e3o, a festa mescla religiosidade e cultura popular, em refer\u00eancia ao trajeto dos tr\u00eas Reis Magos para conhecerem o Menino Jesus. J\u00e1 as charolas buscam exaltar as virtudes de S\u00e3o Sebasti\u00e3o, tido como soldado exemplar, perseguido e morto por se apresentar como crist\u00e3o.<\/p>\n","protected":false},"excerpt":{"rendered":"<p>Segundo informa\u00e7\u00f5es do site da Prefeitura de Juiz de Fora (PJF), realizado pela \u00faltima vez em 2019, o tradicional Encontro de Folia de Reis e Charolas de S\u00e3o Sebasti\u00e3o volta a acontecer este ano em Juiz de Fora. A 18\u00aa edi\u00e7\u00e3o do evento est\u00e1 agendada para este s\u00e1bado, 26, na Pra\u00e7a Ant\u00f4nio Carlos (PAC), no [&hellip;]<\/p>\n","protected":false},"author":246,"featured_media":217420,"comment_status":"closed","ping_status":"closed","sticky":false,"template":"","format":"standard","meta":{"footnotes":""},"categories":[253,436,439],"tags":[],"class_list":["post-217419","post","type-post","status-publish","format-standard","has-post-thumbnail","hentry","category-cidade","category-destaque-da-semana","category-ultima-hora"],"_links":{"self":[{"href":"https:\/\/diarioregionaldigital.com.br\/index.php?rest_route=\/wp\/v2\/posts\/217419","targetHints":{"allow":["GET"]}}],"collection":[{"href":"https:\/\/diarioregionaldigital.com.br\/index.php?rest_route=\/wp\/v2\/posts"}],"about":[{"href":"https:\/\/diarioregionaldigital.com.br\/index.php?rest_route=\/wp\/v2\/types\/post"}],"author":[{"embeddable":true,"href":"https:\/\/diarioregionaldigital.com.br\/index.php?rest_route=\/wp\/v2\/users\/246"}],"replies":[{"embeddable":true,"href":"https:\/\/diarioregionaldigital.com.br\/index.php?rest_route=%2Fwp%2Fv2%2Fcomments&post=217419"}],"version-history":[{"count":1,"href":"https:\/\/diarioregionaldigital.com.br\/index.php?rest_route=\/wp\/v2\/posts\/217419\/revisions"}],"predecessor-version":[{"id":217421,"href":"https:\/\/diarioregionaldigital.com.br\/index.php?rest_route=\/wp\/v2\/posts\/217419\/revisions\/217421"}],"wp:featuredmedia":[{"embeddable":true,"href":"https:\/\/diarioregionaldigital.com.br\/index.php?rest_route=\/wp\/v2\/media\/217420"}],"wp:attachment":[{"href":"https:\/\/diarioregionaldigital.com.br\/index.php?rest_route=%2Fwp%2Fv2%2Fmedia&parent=217419"}],"wp:term":[{"taxonomy":"category","embeddable":true,"href":"https:\/\/diarioregionaldigital.com.br\/index.php?rest_route=%2Fwp%2Fv2%2Fcategories&post=217419"},{"taxonomy":"post_tag","embeddable":true,"href":"https:\/\/diarioregionaldigital.com.br\/index.php?rest_route=%2Fwp%2Fv2%2Ftags&post=217419"}],"curies":[{"name":"wp","href":"https:\/\/api.w.org\/{rel}","templated":true}]}}