{"id":217416,"date":"2023-08-22T12:59:33","date_gmt":"2023-08-22T15:59:33","guid":{"rendered":"https:\/\/diarioregionaldigital.com.br\/?p=217416"},"modified":"2023-08-22T12:59:33","modified_gmt":"2023-08-22T15:59:33","slug":"canil-municipal-promove-adocao-de-pets-e-vacinacao-antirrabica-neste-sabado-26","status":"publish","type":"post","link":"https:\/\/diarioregionaldigital.com.br\/?p=217416","title":{"rendered":"Canil Municipal promove ado\u00e7\u00e3o de pets e vacina\u00e7\u00e3o antirr\u00e1bica neste s\u00e1bado, 26"},"content":{"rendered":"<p>Segundo informa\u00e7\u00f5es do site da Prefeitura de Juiz de Fora (PJF), o Parque Halfeld receber\u00e1 mais uma edi\u00e7\u00e3o do evento de ado\u00e7\u00e3o respons\u00e1vel do Canil Municipal da Prefeitura de Juiz de Fora (PJF). O evento acontecer\u00e1 neste s\u00e1bado, 26, de 9h \u00e0s 13h. C\u00e3es e gatos estar\u00e3o \u00e0 espera de um novo lar. Al\u00e9m disso, a PJF promover\u00e1 vacina\u00e7\u00e3o antirr\u00e1bica animal.<\/p>\n<p>O candidato \u00e0 ado\u00e7\u00e3o respons\u00e1vel deve comparecer ao local com RG, CPF e comprovante de resid\u00eancia. O processo de ado\u00e7\u00e3o tamb\u00e9m conta com uma entrevista minuciosa, realizada pela equipe do Canil Municipal, para analisar se est\u00e1 apto a levar um novo amigo para casa.<\/p>\n<p>Al\u00e9m do evento de ado\u00e7\u00e3o, os tutores podem levar seus pets para receberem a vacina antirr\u00e1bica animal. A vacina contra raiva deve ser aplicada em animais a partir de tr\u00eas meses de vida e refor\u00e7ada anualmente.<\/p>\n<p><strong>&#8220;Me Adota A\u00ed!&#8221;<\/strong><\/p>\n<p>A campanha \u201cMe Adota A\u00ed!\u201d foi lan\u00e7ada pela atual gest\u00e3o municipal com o objetivo de garantir um lar para os animais que est\u00e3o alocados no Canil Municipal. Os interessados em adotar um amigo podem visitar o Canil das 9h \u00e0s 10h30 e das 13h \u00e0s 15h30, de segunda a sexta. Para outros dias, o agendamento, para outros dias deve ser realizado pelo telefone (32) 3225-9933. O Canil \u00e9 localizado na Rua Bartolomeu dos Santos 680, bairro S\u00e3o Dami\u00e3o.<\/p>\n<p>Acesse as redes sociais do Canil Municipal &#8211; Me Adota A\u00ed!<\/p>\n","protected":false},"excerpt":{"rendered":"<p>Segundo informa\u00e7\u00f5es do site da Prefeitura de Juiz de Fora (PJF), o Parque Halfeld receber\u00e1 mais uma edi\u00e7\u00e3o do evento de ado\u00e7\u00e3o respons\u00e1vel do Canil Municipal da Prefeitura de Juiz de Fora (PJF). O evento acontecer\u00e1 neste s\u00e1bado, 26, de 9h \u00e0s 13h. C\u00e3es e gatos estar\u00e3o \u00e0 espera de um novo lar. Al\u00e9m disso, [&hellip;]<\/p>\n","protected":false},"author":246,"featured_media":217417,"comment_status":"closed","ping_status":"closed","sticky":false,"template":"","format":"standard","meta":{"footnotes":""},"categories":[253,436,440,439],"tags":[],"class_list":["post-217416","post","type-post","status-publish","format-standard","has-post-thumbnail","hentry","category-cidade","category-destaque-da-semana","category-destaques-do-dia","category-ultima-hora"],"_links":{"self":[{"href":"https:\/\/diarioregionaldigital.com.br\/index.php?rest_route=\/wp\/v2\/posts\/217416","targetHints":{"allow":["GET"]}}],"collection":[{"href":"https:\/\/diarioregionaldigital.com.br\/index.php?rest_route=\/wp\/v2\/posts"}],"about":[{"href":"https:\/\/diarioregionaldigital.com.br\/index.php?rest_route=\/wp\/v2\/types\/post"}],"author":[{"embeddable":true,"href":"https:\/\/diarioregionaldigital.com.br\/index.php?rest_route=\/wp\/v2\/users\/246"}],"replies":[{"embeddable":true,"href":"https:\/\/diarioregionaldigital.com.br\/index.php?rest_route=%2Fwp%2Fv2%2Fcomments&post=217416"}],"version-history":[{"count":1,"href":"https:\/\/diarioregionaldigital.com.br\/index.php?rest_route=\/wp\/v2\/posts\/217416\/revisions"}],"predecessor-version":[{"id":217418,"href":"https:\/\/diarioregionaldigital.com.br\/index.php?rest_route=\/wp\/v2\/posts\/217416\/revisions\/217418"}],"wp:featuredmedia":[{"embeddable":true,"href":"https:\/\/diarioregionaldigital.com.br\/index.php?rest_route=\/wp\/v2\/media\/217417"}],"wp:attachment":[{"href":"https:\/\/diarioregionaldigital.com.br\/index.php?rest_route=%2Fwp%2Fv2%2Fmedia&parent=217416"}],"wp:term":[{"taxonomy":"category","embeddable":true,"href":"https:\/\/diarioregionaldigital.com.br\/index.php?rest_route=%2Fwp%2Fv2%2Fcategories&post=217416"},{"taxonomy":"post_tag","embeddable":true,"href":"https:\/\/diarioregionaldigital.com.br\/index.php?rest_route=%2Fwp%2Fv2%2Ftags&post=217416"}],"curies":[{"name":"wp","href":"https:\/\/api.w.org\/{rel}","templated":true}]}}