{"id":217410,"date":"2023-08-22T12:51:57","date_gmt":"2023-08-22T15:51:57","guid":{"rendered":"https:\/\/diarioregionaldigital.com.br\/?p=217410"},"modified":"2023-08-22T12:51:57","modified_gmt":"2023-08-22T15:51:57","slug":"viviane-lyra-alcanca-indice-olimpico-para-os-20-km-da-marcha-atletica","status":"publish","type":"post","link":"https:\/\/diarioregionaldigital.com.br\/?p=217410","title":{"rendered":"Viviane Lyra alcan\u00e7a \u00edndice ol\u00edmpico para os 20 km da marcha atl\u00e9tica"},"content":{"rendered":"<p>A brasileira Viviane Lyra alcan\u00e7ou o \u00edndice para participar dos Jogos Ol\u00edmpicos de 2024, que ser\u00e3o disputados em Paris (Fran\u00e7a), ap\u00f3s terminar a prova dos 20 quil\u00f4metros da marcha atl\u00e9tica do Campeonato Mundial de Atletismo, que est\u00e1 sendo disputado em Budapeste (Hungria), com o tempo de 1h28min36s, o que lhe garantiu, no \u00faltimo domingo (20), a 8\u00aa posi\u00e7\u00e3o na competi\u00e7\u00e3o.<img decoding=\"async\" src=\"https:\/\/agenciabrasil.ebc.com.br\/ebc.png?id=1550180&amp;o=node\" \/><img decoding=\"async\" src=\"https:\/\/agenciabrasil.ebc.com.br\/ebc.gif?id=1550180&amp;o=node\" \/><\/p>\n<p>A vaga na pr\u00f3xima edi\u00e7\u00e3o dos Jogos foi garantida porque a carioca terminou a prova abaixo do \u00edndice exigido para classifica\u00e7\u00e3o para os Jogos Ol\u00edmpicos, que \u00e9 de 1h29min20s. De quebra Viviane Lyra superou o seu melhor tempo na prova at\u00e9 ent\u00e3o, que era de 1h30min57s, alcan\u00e7ado em maio em Rio Maior (Portugal).<\/p>\n<p>\u201cOlha, s\u00f3 felicidade. Vim de uma doen\u00e7a, eu tive hepatite, n\u00e3o competi o Trof\u00e9u Brasil nem o Sul-Americano. Minha prepara\u00e7\u00e3o ficou desmantelada, mas tive apoio da equipe m\u00e9dica, meu treinador remanejou o trabalho e seguimos acreditando. O Lu\u00eds Paulo fez de tudo para estar presente aqui e isso fez toda a diferen\u00e7a, me apoiou em toda a prova. Estamos felizes com o trabalho. \u00c9 agradecer a Deus por estar com sa\u00fade novamente e por ser a oitava nos 20 quil\u00f4metros\u201d, declarou a brasileira \u00e0 assessoria de imprensa da CBAT (Confedera\u00e7\u00e3o Brasileira de Atletismo).<\/p>\n<p>Agora a brasileira se concentrar\u00e1 na prepara\u00e7\u00e3o para a prova dos 35 quil\u00f4metros do Mundial de Atletismo, que ser\u00e1 disputada a partir das 2h (hor\u00e1rio de Bras\u00edlia) da pr\u00f3xima quinta-feira (24).<\/p>\n<p><span style=\"font-weight: 400;\">Fonte: Ag\u00eancia Brasil\u00a0<\/span><span style=\"font-weight: 400;\"><br \/>\n<\/span><\/p>\n","protected":false},"excerpt":{"rendered":"<p>A brasileira Viviane Lyra alcan\u00e7ou o \u00edndice para participar dos Jogos Ol\u00edmpicos de 2024, que ser\u00e3o disputados em Paris (Fran\u00e7a), ap\u00f3s terminar a prova dos 20 quil\u00f4metros da marcha atl\u00e9tica do Campeonato Mundial de Atletismo, que est\u00e1 sendo disputado em Budapeste (Hungria), com o tempo de 1h28min36s, o que lhe garantiu, no \u00faltimo domingo (20), [&hellip;]<\/p>\n","protected":false},"author":246,"featured_media":217411,"comment_status":"closed","ping_status":"closed","sticky":false,"template":"","format":"standard","meta":{"footnotes":""},"categories":[436,257,439],"tags":[],"class_list":["post-217410","post","type-post","status-publish","format-standard","has-post-thumbnail","hentry","category-destaque-da-semana","category-esporte","category-ultima-hora"],"_links":{"self":[{"href":"https:\/\/diarioregionaldigital.com.br\/index.php?rest_route=\/wp\/v2\/posts\/217410","targetHints":{"allow":["GET"]}}],"collection":[{"href":"https:\/\/diarioregionaldigital.com.br\/index.php?rest_route=\/wp\/v2\/posts"}],"about":[{"href":"https:\/\/diarioregionaldigital.com.br\/index.php?rest_route=\/wp\/v2\/types\/post"}],"author":[{"embeddable":true,"href":"https:\/\/diarioregionaldigital.com.br\/index.php?rest_route=\/wp\/v2\/users\/246"}],"replies":[{"embeddable":true,"href":"https:\/\/diarioregionaldigital.com.br\/index.php?rest_route=%2Fwp%2Fv2%2Fcomments&post=217410"}],"version-history":[{"count":1,"href":"https:\/\/diarioregionaldigital.com.br\/index.php?rest_route=\/wp\/v2\/posts\/217410\/revisions"}],"predecessor-version":[{"id":217412,"href":"https:\/\/diarioregionaldigital.com.br\/index.php?rest_route=\/wp\/v2\/posts\/217410\/revisions\/217412"}],"wp:featuredmedia":[{"embeddable":true,"href":"https:\/\/diarioregionaldigital.com.br\/index.php?rest_route=\/wp\/v2\/media\/217411"}],"wp:attachment":[{"href":"https:\/\/diarioregionaldigital.com.br\/index.php?rest_route=%2Fwp%2Fv2%2Fmedia&parent=217410"}],"wp:term":[{"taxonomy":"category","embeddable":true,"href":"https:\/\/diarioregionaldigital.com.br\/index.php?rest_route=%2Fwp%2Fv2%2Fcategories&post=217410"},{"taxonomy":"post_tag","embeddable":true,"href":"https:\/\/diarioregionaldigital.com.br\/index.php?rest_route=%2Fwp%2Fv2%2Ftags&post=217410"}],"curies":[{"name":"wp","href":"https:\/\/api.w.org\/{rel}","templated":true}]}}