{"id":217407,"date":"2023-08-22T12:49:17","date_gmt":"2023-08-22T15:49:17","guid":{"rendered":"https:\/\/diarioregionaldigital.com.br\/?p=217407"},"modified":"2023-08-22T12:49:17","modified_gmt":"2023-08-22T15:49:17","slug":"brasil-encerra-grand-prix-de-judo-de-zagreb-com-5-medalhas","status":"publish","type":"post","link":"https:\/\/diarioregionaldigital.com.br\/?p=217407","title":{"rendered":"Brasil encerra Grand Prix de Jud\u00f4 de Zagreb com 5 medalhas"},"content":{"rendered":"<p>O Brasil encerrou Grand Prix de Jud\u00f4 de Zagreb (Cro\u00e1cia) com a conquista de 5 medalhas (3 ouros e dois bronzes), o que lhe valeu a lideran\u00e7a do quadro geral de medalhas da competi\u00e7\u00e3o, que chegou ao final no \u00faltimo domingo (20). E o destaque brasileiro no \u00faltimo dia de disputas foi a meio-pesado brasileira Karol Gimenes (78 quilos), que em seu primeiro evento internacional garantiu o lugar mais alto do p\u00f3dio.<img decoding=\"async\" src=\"https:\/\/agenciabrasil.ebc.com.br\/ebc.png?id=1550197&amp;o=node\" \/><img decoding=\"async\" src=\"https:\/\/agenciabrasil.ebc.com.br\/ebc.gif?id=1550197&amp;o=node\" \/><\/p>\n<p>\u201cMuito feliz com o dia de hoje. Foi minha primeira competi\u00e7\u00e3o na equipe principal, mas eu consegui dar o meu melhor. Fiquei feliz por conseguir reproduzir o que eu estava treinando. Isso me deixou muito contente. Hoje deu tudo certo\u201d, comemorou Karol.<\/p>\n<p>Al\u00e9m do ouro de Karol, o Brasil garantiu no \u00faltimo dia do evento dois bronzes, com Rafael Macedo (90 quilos) e com Leonardo Gon\u00e7alves (100 quilos).<\/p>\n<p>As outras duas medalhas de ouro do Brasil no GP de Zagreg foram garantidas no primeiro dia de disputadas, na \u00faltima sexta-feira (18), com J\u00e9ssica Pereira (categoria at\u00e9 52 quilos) e com Willian Lima (66 quilos).<\/p>\n<p>O GP de Zagreg, que reuniu 600 atletas de 80 pa\u00edses, distribuiu at\u00e9 700 pontos no ranking mundial classificat\u00f3rio para os Jogos de Paris 2024. A delega\u00e7\u00e3o brasileira contou com 24 judocas (13 mulheres e 11 homens).<\/p>\n<p><span style=\"font-weight: 400;\"><br \/>\n<\/span><span style=\"font-weight: 400;\">Fonte: Ag\u00eancia Brasil\u00a0<\/span><span style=\"font-weight: 400;\"><br \/>\n<\/span><\/p>\n","protected":false},"excerpt":{"rendered":"<p>O Brasil encerrou Grand Prix de Jud\u00f4 de Zagreb (Cro\u00e1cia) com a conquista de 5 medalhas (3 ouros e dois bronzes), o que lhe valeu a lideran\u00e7a do quadro geral de medalhas da competi\u00e7\u00e3o, que chegou ao final no \u00faltimo domingo (20). E o destaque brasileiro no \u00faltimo dia de disputas foi a meio-pesado brasileira [&hellip;]<\/p>\n","protected":false},"author":246,"featured_media":217408,"comment_status":"closed","ping_status":"closed","sticky":false,"template":"","format":"standard","meta":{"footnotes":""},"categories":[436,257,439],"tags":[],"class_list":["post-217407","post","type-post","status-publish","format-standard","has-post-thumbnail","hentry","category-destaque-da-semana","category-esporte","category-ultima-hora"],"_links":{"self":[{"href":"https:\/\/diarioregionaldigital.com.br\/index.php?rest_route=\/wp\/v2\/posts\/217407","targetHints":{"allow":["GET"]}}],"collection":[{"href":"https:\/\/diarioregionaldigital.com.br\/index.php?rest_route=\/wp\/v2\/posts"}],"about":[{"href":"https:\/\/diarioregionaldigital.com.br\/index.php?rest_route=\/wp\/v2\/types\/post"}],"author":[{"embeddable":true,"href":"https:\/\/diarioregionaldigital.com.br\/index.php?rest_route=\/wp\/v2\/users\/246"}],"replies":[{"embeddable":true,"href":"https:\/\/diarioregionaldigital.com.br\/index.php?rest_route=%2Fwp%2Fv2%2Fcomments&post=217407"}],"version-history":[{"count":1,"href":"https:\/\/diarioregionaldigital.com.br\/index.php?rest_route=\/wp\/v2\/posts\/217407\/revisions"}],"predecessor-version":[{"id":217409,"href":"https:\/\/diarioregionaldigital.com.br\/index.php?rest_route=\/wp\/v2\/posts\/217407\/revisions\/217409"}],"wp:featuredmedia":[{"embeddable":true,"href":"https:\/\/diarioregionaldigital.com.br\/index.php?rest_route=\/wp\/v2\/media\/217408"}],"wp:attachment":[{"href":"https:\/\/diarioregionaldigital.com.br\/index.php?rest_route=%2Fwp%2Fv2%2Fmedia&parent=217407"}],"wp:term":[{"taxonomy":"category","embeddable":true,"href":"https:\/\/diarioregionaldigital.com.br\/index.php?rest_route=%2Fwp%2Fv2%2Fcategories&post=217407"},{"taxonomy":"post_tag","embeddable":true,"href":"https:\/\/diarioregionaldigital.com.br\/index.php?rest_route=%2Fwp%2Fv2%2Ftags&post=217407"}],"curies":[{"name":"wp","href":"https:\/\/api.w.org\/{rel}","templated":true}]}}