{"id":217398,"date":"2023-08-22T12:41:10","date_gmt":"2023-08-22T15:41:10","guid":{"rendered":"https:\/\/diarioregionaldigital.com.br\/?p=217398"},"modified":"2023-08-22T12:41:10","modified_gmt":"2023-08-22T15:41:10","slug":"stf-torna-re-deputada-zambelli-por-perseguicao-com-arma","status":"publish","type":"post","link":"https:\/\/diarioregionaldigital.com.br\/?p=217398","title":{"rendered":"STF torna r\u00e9 deputada Zambelli por persegui\u00e7\u00e3o com arma"},"content":{"rendered":"<p>Por 9 votos a 2, o Supremo Tribunal Federal (STF) tornou r\u00e9 a deputada federal Carla Zambelli (PL-SP) pelos crimes de porte ilegal de arma de fogo e constrangimento ilegal com emprego de arma de fogo.<img decoding=\"async\" src=\"https:\/\/agenciabrasil.ebc.com.br\/ebc.png?id=1550143&amp;o=node\" \/><img decoding=\"async\" src=\"https:\/\/agenciabrasil.ebc.com.br\/ebc.gif?id=1550143&amp;o=node\" \/><\/p>\n<p>A maioria dos ministros aceitou den\u00fancia da Procuradoria-Geral da Rep\u00fablica (PGR) contra a parlamentar ap\u00f3s o epis\u00f3dio em que ela sacou uma arma de fogo e perseguiu o jornalista Luan Ara\u00fajo \u00e0s v\u00e9speras do segundo turno das elei\u00e7\u00f5es de 2022. A persegui\u00e7\u00e3o come\u00e7ou ap\u00f3s Zambelli e Luan trocarem provoca\u00e7\u00f5es durante um ato pol\u00edtico no bairro dos Jardins, em S\u00e3o Paulo.<\/p>\n<p>Votaram pela aceita\u00e7\u00e3o da den\u00fancia o relator Gilmar Mendes, e os ministros Alexandre de Moraes, C\u00e1rmen L\u00facia, Edson Fachin, Cristiano Zanin, Lu\u00eds Roberto Barroso, Dias Toffoli, Rosa Weber e Luiz Fux.<\/p>\n<p>Mendes entendeu que h\u00e1 ind\u00edcios suficientes para a abertura da a\u00e7\u00e3o penal contra Carla Zambelli. \u201cAinda que a arguida tenha porte de arma, o uso fora dos limites da defesa pessoal, em contexto p\u00fablico e ostensivo, ainda mais \u00e0s v\u00e9speras das elei\u00e7\u00f5es, em tese, pode significar responsabilidade penal\u201d, argumentou.<\/p>\n<p>O ministro Andr\u00e9 Mendon\u00e7a votou pelo envio das acusa\u00e7\u00f5es para a primeira inst\u00e2ncia da Justi\u00e7a.<\/p>\n<p>O ministro Nunes Marques votou pela rejei\u00e7\u00e3o da den\u00fancia e entendeu que o caso s\u00f3 poderia ser levado \u00e0 Justi\u00e7a por meio de a\u00e7\u00e3o penal privada, cuja propositura deveria ser feita por Luan Ara\u00fajo. O ministro tamb\u00e9m entendeu que Carla Zambelli reagiu a &#8220;ofensas&#8221;.<\/p>\n<p>&#8220;Consoante se infere do teor da pr\u00f3pria den\u00fancia, a conduta da acusada, consistente em sacar sua arma e sair em busca de Luan Ara\u00fajo, com a finalidade de realizar sua pris\u00e3o em flagrante delito, situou-se, claramente, no contexto das ofensas a ela dirigidas&#8221;, afirmou Nunes Marques.<\/p>\n<p>Com a aceita\u00e7\u00e3o da den\u00fancia, ser\u00e1 aberto um processo criminal contra a deputada. Testemunhas de defesa e de acusa\u00e7\u00e3o ser\u00e3o ouvidas. Ao final, ser\u00e1 decidida a condena\u00e7\u00e3o ou n\u00e3o da parlamentar.<\/p>\n<p>Em nota \u00e0\u00a0<strong>Ag\u00eancia Brasil<\/strong>, o advogado Daniel Bialski, representante de Carla Zambelli, reiterou que a deputada \u00e9 inocente e garantiu que essa condi\u00e7\u00e3o ser\u00e1 reconhecida durante o processo.<\/p>\n<p>&#8220;A defesa da deputada Carla Zambelli, diante da decis\u00e3o do julgamento do Supremo Tribunal Federal, determinando o recebimento e processamento da den\u00fancia, externa sua confian\u00e7a na sua inoc\u00eancia, a ser reconhecida quando do julgamento do m\u00e9rito. E, a partir de agora, esclarece que poder\u00e3o ser produzidas todas as provas necess\u00e1rias para evidenciar que ela n\u00e3o cometeu as infra\u00e7\u00f5es penais pelas quais foi acusada&#8221;, declarou a defesa.<\/p>\n<p><span style=\"font-weight: 400;\"><br \/>\n<\/span><span style=\"font-weight: 400;\">Fonte: Ag\u00eancia Brasil <\/span><\/p>\n","protected":false},"excerpt":{"rendered":"<p>Por 9 votos a 2, o Supremo Tribunal Federal (STF) tornou r\u00e9 a deputada federal Carla Zambelli (PL-SP) pelos crimes de porte ilegal de arma de fogo e constrangimento ilegal com emprego de arma de fogo. A maioria dos ministros aceitou den\u00fancia da Procuradoria-Geral da Rep\u00fablica (PGR) contra a parlamentar ap\u00f3s o epis\u00f3dio em que [&hellip;]<\/p>\n","protected":false},"author":246,"featured_media":217399,"comment_status":"closed","ping_status":"closed","sticky":false,"template":"","format":"standard","meta":{"footnotes":""},"categories":[436,254,439],"tags":[],"class_list":["post-217398","post","type-post","status-publish","format-standard","has-post-thumbnail","hentry","category-destaque-da-semana","category-politica","category-ultima-hora"],"_links":{"self":[{"href":"https:\/\/diarioregionaldigital.com.br\/index.php?rest_route=\/wp\/v2\/posts\/217398","targetHints":{"allow":["GET"]}}],"collection":[{"href":"https:\/\/diarioregionaldigital.com.br\/index.php?rest_route=\/wp\/v2\/posts"}],"about":[{"href":"https:\/\/diarioregionaldigital.com.br\/index.php?rest_route=\/wp\/v2\/types\/post"}],"author":[{"embeddable":true,"href":"https:\/\/diarioregionaldigital.com.br\/index.php?rest_route=\/wp\/v2\/users\/246"}],"replies":[{"embeddable":true,"href":"https:\/\/diarioregionaldigital.com.br\/index.php?rest_route=%2Fwp%2Fv2%2Fcomments&post=217398"}],"version-history":[{"count":1,"href":"https:\/\/diarioregionaldigital.com.br\/index.php?rest_route=\/wp\/v2\/posts\/217398\/revisions"}],"predecessor-version":[{"id":217400,"href":"https:\/\/diarioregionaldigital.com.br\/index.php?rest_route=\/wp\/v2\/posts\/217398\/revisions\/217400"}],"wp:featuredmedia":[{"embeddable":true,"href":"https:\/\/diarioregionaldigital.com.br\/index.php?rest_route=\/wp\/v2\/media\/217399"}],"wp:attachment":[{"href":"https:\/\/diarioregionaldigital.com.br\/index.php?rest_route=%2Fwp%2Fv2%2Fmedia&parent=217398"}],"wp:term":[{"taxonomy":"category","embeddable":true,"href":"https:\/\/diarioregionaldigital.com.br\/index.php?rest_route=%2Fwp%2Fv2%2Fcategories&post=217398"},{"taxonomy":"post_tag","embeddable":true,"href":"https:\/\/diarioregionaldigital.com.br\/index.php?rest_route=%2Fwp%2Fv2%2Ftags&post=217398"}],"curies":[{"name":"wp","href":"https:\/\/api.w.org\/{rel}","templated":true}]}}