{"id":217389,"date":"2023-08-22T12:36:43","date_gmt":"2023-08-22T15:36:43","guid":{"rendered":"https:\/\/diarioregionaldigital.com.br\/?p=217389"},"modified":"2023-08-22T12:37:55","modified_gmt":"2023-08-22T15:37:55","slug":"justica-trf-1-mantem-arquivamento-de-acao-contra-dilma-rousseff","status":"publish","type":"post","link":"https:\/\/diarioregionaldigital.com.br\/?p=217389","title":{"rendered":"TRF-1 mant\u00e9m arquivamento de a\u00e7\u00e3o contra Dilma Rousseff"},"content":{"rendered":"<p>Por unanimidade, o Tribunal Regional Federal (TRF) da 1\u00aa Regi\u00e3o, sediado em Bras\u00edlia, manteve nesta segunda-feira (21) a decis\u00e3o que arquivou uma a\u00e7\u00e3o de improbidade contra a ex-presidente Dilma Rousseff sobre o caso das &#8220;pedaladas fiscais&#8221;. As acusa\u00e7\u00f5es basearam o processo de impeachment de Dilma Rousseff, em 2016.<img decoding=\"async\" src=\"https:\/\/agenciabrasil.ebc.com.br\/ebc.png?id=1550205&amp;o=node\" \/><img decoding=\"async\" src=\"https:\/\/agenciabrasil.ebc.com.br\/ebc.gif?id=1550205&amp;o=node\" \/><\/p>\n<p>A decis\u00e3o tamb\u00e9m beneficia o ex-ministro da Fazenda Guido Mantega, o ex-presidente do Banco do Brasil Aldemir Bendine,\u00a0o ex-secret\u00e1rio do Tesouro Arno Augustin e o ex-presidente do BNDES Luciano Coutinho.<\/p>\n<p>A 10\u00aa Turma do TRF julgou\u00a0uma apela\u00e7\u00e3o do Minist\u00e9rio P\u00fablico Federal (MPF) contra decis\u00e3o de primeira inst\u00e2ncia que, no ano passado, arquivou a a\u00e7\u00e3o contra os acusados.<\/p>\n<p>Dilma e os demais integrantes de seu governo foram acusados pelo MPF de improbidade pelo suposto uso de bancos p\u00fablicos para &#8220;maquiar o resultado fiscal&#8221;, atrasando por parte da Uni\u00e3o repasse de valores \u00e0s institui\u00e7\u00f5es, que ficou conhecido como &#8220;pedaladas fiscais&#8221;.<\/p>\n<p>No processo que tramitou na 4\u00aa Vara Federal em Bras\u00edlia, Dilma e Mantega foi exclu\u00eddos do processo. Em seguida, o processo contra os demais acusados tamb\u00e9m foi arquivado sem resolu\u00e7\u00e3o de m\u00e9rito, ou seja, n\u00e3o foi analisado por falta de fundamenta\u00e7\u00e3o das acusa\u00e7\u00f5es.<\/p>\n<p>Na sess\u00e3o desta tarde, o colegiado do TRF julgou a apela\u00e7\u00e3o do MPF contra o arquivamento em primeira inst\u00e2ncia. Por 3 votos a 0, a turma manteve o arquivamento. Votaram o relator, juiz Saulo Casali Bahia, o juiz Marllon Souza e o desembargador Marcos Vin\u00edcius Reis Bastos.<\/p>\n<p>Durante a sess\u00e3o, o advogado Eduardo Lasmar, representante de Dilma, reiterou que a ex-presidente n\u00e3o participou das opera\u00e7\u00f5es dos bancos.<\/p>\n<p>&#8220;O Minist\u00e9rio P\u00fablico n\u00e3o conseguiu imputar uma conduta \u00e0 [ent\u00e3o] presidente da Rep\u00fablica. Muito pelo contr\u00e1rio. Ora, diz que n\u00e3o sabia, diz que sabia, diz que ela deveria saber, que deveria ter confrontado seus ministros. N\u00e3o nenhuma descri\u00e7\u00e3o de dolo.&#8221;, concluiu.<\/p>\n<p><span style=\"font-weight: 400;\">Fonte: Ag\u00eancia Brasil <\/span><\/p>\n","protected":false},"excerpt":{"rendered":"<p>Por unanimidade, o Tribunal Regional Federal (TRF) da 1\u00aa Regi\u00e3o, sediado em Bras\u00edlia, manteve nesta segunda-feira (21) a decis\u00e3o que arquivou uma a\u00e7\u00e3o de improbidade contra a ex-presidente Dilma Rousseff sobre o caso das &#8220;pedaladas fiscais&#8221;. As acusa\u00e7\u00f5es basearam o processo de impeachment de Dilma Rousseff, em 2016. A decis\u00e3o tamb\u00e9m beneficia o ex-ministro da [&hellip;]<\/p>\n","protected":false},"author":246,"featured_media":217390,"comment_status":"closed","ping_status":"closed","sticky":false,"template":"","format":"standard","meta":{"footnotes":""},"categories":[436,440,254,439],"tags":[],"class_list":["post-217389","post","type-post","status-publish","format-standard","has-post-thumbnail","hentry","category-destaque-da-semana","category-destaques-do-dia","category-politica","category-ultima-hora"],"_links":{"self":[{"href":"https:\/\/diarioregionaldigital.com.br\/index.php?rest_route=\/wp\/v2\/posts\/217389","targetHints":{"allow":["GET"]}}],"collection":[{"href":"https:\/\/diarioregionaldigital.com.br\/index.php?rest_route=\/wp\/v2\/posts"}],"about":[{"href":"https:\/\/diarioregionaldigital.com.br\/index.php?rest_route=\/wp\/v2\/types\/post"}],"author":[{"embeddable":true,"href":"https:\/\/diarioregionaldigital.com.br\/index.php?rest_route=\/wp\/v2\/users\/246"}],"replies":[{"embeddable":true,"href":"https:\/\/diarioregionaldigital.com.br\/index.php?rest_route=%2Fwp%2Fv2%2Fcomments&post=217389"}],"version-history":[{"count":2,"href":"https:\/\/diarioregionaldigital.com.br\/index.php?rest_route=\/wp\/v2\/posts\/217389\/revisions"}],"predecessor-version":[{"id":217393,"href":"https:\/\/diarioregionaldigital.com.br\/index.php?rest_route=\/wp\/v2\/posts\/217389\/revisions\/217393"}],"wp:featuredmedia":[{"embeddable":true,"href":"https:\/\/diarioregionaldigital.com.br\/index.php?rest_route=\/wp\/v2\/media\/217390"}],"wp:attachment":[{"href":"https:\/\/diarioregionaldigital.com.br\/index.php?rest_route=%2Fwp%2Fv2%2Fmedia&parent=217389"}],"wp:term":[{"taxonomy":"category","embeddable":true,"href":"https:\/\/diarioregionaldigital.com.br\/index.php?rest_route=%2Fwp%2Fv2%2Fcategories&post=217389"},{"taxonomy":"post_tag","embeddable":true,"href":"https:\/\/diarioregionaldigital.com.br\/index.php?rest_route=%2Fwp%2Fv2%2Ftags&post=217389"}],"curies":[{"name":"wp","href":"https:\/\/api.w.org\/{rel}","templated":true}]}}