{"id":217385,"date":"2023-08-22T12:32:09","date_gmt":"2023-08-22T15:32:09","guid":{"rendered":"https:\/\/diarioregionaldigital.com.br\/?p=217385"},"modified":"2023-08-22T12:32:09","modified_gmt":"2023-08-22T15:32:09","slug":"primeira-fase-do-drex-atrasa-e-so-terminara-em-maio-de-2024","status":"publish","type":"post","link":"https:\/\/diarioregionaldigital.com.br\/?p=217385","title":{"rendered":"Primeira fase do Drex atrasa e s\u00f3 terminar\u00e1 em maio de 2024"},"content":{"rendered":"<p>A demora na inclus\u00e3o de participantes e quest\u00f5es relacionadas \u00e0 Lei Geral de Prote\u00e7\u00e3o de Dados (LGPD) far\u00e3o a primeira fase do Drex, moeda virtual que equivaler\u00e1 ao real, ser adiada para maio de 2024, informou nesta segunda-feira (21) o coordenador da iniciativa no Banco Central (BC), Fabio Araujo. Isso representa um atraso de tr\u00eas meses em rela\u00e7\u00e3o ao cronograma original, que previa o fim da etapa de testes em fevereiro do pr\u00f3ximo ano.<img decoding=\"async\" src=\"https:\/\/agenciabrasil.ebc.com.br\/ebc.png?id=1550175&amp;o=node\" \/><img decoding=\"async\" src=\"https:\/\/agenciabrasil.ebc.com.br\/ebc.gif?id=1550175&amp;o=node\" \/><\/p>\n<p>\u201cA gente est\u00e1 tendo alguns problemas, est\u00e1 executando o cronograma de uma forma um pouco mais lenta do que a gente tinha planejado para colocar as pessoas para dentro da rede do Drex\u201d, disse Araujo na\u00a0<em>live\u00a0<\/em>semanal do BC no Youtube. Segundo ele, a preserva\u00e7\u00e3o da privacidade tem se revelado um \u201cdesafio grande\u201d para o desenvolvimento da solu\u00e7\u00e3o tecnol\u00f3gica.<\/p>\n<p>Pelo cronograma original, a \u00faltima etapa da fase de testes, que previa negocia\u00e7\u00f5es simuladas com t\u00edtulos p\u00fablicos, ocorreria em fevereiro. Com o adiamento, passar\u00e1 para maio. Apesar da demora na fase de testes, Araujo manteve a estimativa de que o Drex chegar\u00e1 aos cidad\u00e3os no fim de 2024 ou in\u00edcio de 2025.<\/p>\n<p>No \u00faltimo dia 7, o BC\u00a0<a href=\"https:\/\/agenciabrasil.ebc.com.br\/economia\/noticia\/2023-08\/real-digital-se-chamara-drex-confirma-banco-central\" target=\"_blank\" rel=\"noopener\">apresentou o Drex\u00a0<\/a>como a futura moeda virtual brasileira. At\u00e9 ent\u00e3o, a iniciativa era chamada de real digital.<\/p>\n<p>Segundo o BC, cada letra do real digital equivale a uma caracter\u00edstica da ferramenta. O &#8220;D&#8221; representar a palavra digital; o &#8220;R&#8221; representa o real; o \u201cE\u201d representa a palavra eletr\u00f4nica; e o \u201cX\u201d passa a ideia de modernidade e de conex\u00e3o, al\u00e9m de repetir a \u00faltima letra do Pix, sistema de transfer\u00eancia instant\u00e2nea criado em 2020.<\/p>\n<h2>Plataforma<\/h2>\n<p>Em mar\u00e7o, o BC escolheu a plataforma Hyperledger Besu para\u00a0<a href=\"https:\/\/agenciabrasil.ebc.com.br\/economia\/noticia\/2023-03\/banco-central-inicia-testes-com-plataforma-do-real-digital\" target=\"_blank\" rel=\"noopener\">fazer os testes<\/a>\u00a0com ativos de diversos tipos e naturezas. Essa plataforma tem baixos custos de licen\u00e7a e de\u00a0<em>royalties<\/em>\u00a0de tecnologia porque opera com c\u00f3digo aberto (<em>open source<\/em>).<\/p>\n<p>Em junho, o BC\u00a0<a href=\"https:\/\/agenciabrasil.ebc.com.br\/economia\/noticia\/2023-06\/bc-seleciona-16-propostas-de-participacao-em-piloto-do-real-digital\" target=\"_blank\" rel=\"noopener\">escolheu 16 cons\u00f3rcios<\/a>\u00a0para participar do projeto piloto. Eles construir\u00e3o os sistemas a serem acoplados ao Hyperledger Besu e desenvolver\u00e3o os produtos financeiros e as solu\u00e7\u00f5es tecnol\u00f3gicas. A lista completa de entidades selecionadas pelo Comit\u00ea Executivo de Gest\u00e3o est\u00e1 no<em>\u00a0<a href=\"https:\/\/www.bcb.gov.br\/estabilidadefinanceira\/real-digital-piloto\" target=\"_blank\" rel=\"noopener\">site<\/a><\/em><a href=\"https:\/\/www.bcb.gov.br\/estabilidadefinanceira\/real-digital-piloto\" target=\"_blank\" rel=\"noopener\">\u00a0do BC<\/a>.<\/p>\n<p>Segundo Araujo, a conex\u00e3o desses cons\u00f3rcios \u00e0 plataforma est\u00e1 atrasando. \u201cO processo de escolha da tecnologia de prote\u00e7\u00e3o da privacidade tem se mostrado um desafio grande. A gente est\u00e1 conversando com v\u00e1rios provedores. A gente v\u00ea que a maturidade ainda n\u00e3o est\u00e1 adequada para o n\u00edvel que a gente precisa da LGPD\u201d, declarou. \u201cPara que a gente tenha tempo de conduzir esses testes de privacidade da forma mais adequada, a gente deve terminar em maio de acordo com o planejamento atual.\u201d<\/p>\n<p><span style=\"font-weight: 400;\"><br \/>\n<\/span><span style=\"font-weight: 400;\">Fonte: Ag\u00eancia Brasil<\/span><\/p>\n","protected":false},"excerpt":{"rendered":"<p>A demora na inclus\u00e3o de participantes e quest\u00f5es relacionadas \u00e0 Lei Geral de Prote\u00e7\u00e3o de Dados (LGPD) far\u00e3o a primeira fase do Drex, moeda virtual que equivaler\u00e1 ao real, ser adiada para maio de 2024, informou nesta segunda-feira (21) o coordenador da iniciativa no Banco Central (BC), Fabio Araujo. Isso representa um atraso de tr\u00eas [&hellip;]<\/p>\n","protected":false},"author":246,"featured_media":217386,"comment_status":"closed","ping_status":"closed","sticky":false,"template":"","format":"standard","meta":{"footnotes":""},"categories":[436,261,439],"tags":[],"class_list":["post-217385","post","type-post","status-publish","format-standard","has-post-thumbnail","hentry","category-destaque-da-semana","category-economia","category-ultima-hora"],"_links":{"self":[{"href":"https:\/\/diarioregionaldigital.com.br\/index.php?rest_route=\/wp\/v2\/posts\/217385","targetHints":{"allow":["GET"]}}],"collection":[{"href":"https:\/\/diarioregionaldigital.com.br\/index.php?rest_route=\/wp\/v2\/posts"}],"about":[{"href":"https:\/\/diarioregionaldigital.com.br\/index.php?rest_route=\/wp\/v2\/types\/post"}],"author":[{"embeddable":true,"href":"https:\/\/diarioregionaldigital.com.br\/index.php?rest_route=\/wp\/v2\/users\/246"}],"replies":[{"embeddable":true,"href":"https:\/\/diarioregionaldigital.com.br\/index.php?rest_route=%2Fwp%2Fv2%2Fcomments&post=217385"}],"version-history":[{"count":1,"href":"https:\/\/diarioregionaldigital.com.br\/index.php?rest_route=\/wp\/v2\/posts\/217385\/revisions"}],"predecessor-version":[{"id":217387,"href":"https:\/\/diarioregionaldigital.com.br\/index.php?rest_route=\/wp\/v2\/posts\/217385\/revisions\/217387"}],"wp:featuredmedia":[{"embeddable":true,"href":"https:\/\/diarioregionaldigital.com.br\/index.php?rest_route=\/wp\/v2\/media\/217386"}],"wp:attachment":[{"href":"https:\/\/diarioregionaldigital.com.br\/index.php?rest_route=%2Fwp%2Fv2%2Fmedia&parent=217385"}],"wp:term":[{"taxonomy":"category","embeddable":true,"href":"https:\/\/diarioregionaldigital.com.br\/index.php?rest_route=%2Fwp%2Fv2%2Fcategories&post=217385"},{"taxonomy":"post_tag","embeddable":true,"href":"https:\/\/diarioregionaldigital.com.br\/index.php?rest_route=%2Fwp%2Fv2%2Ftags&post=217385"}],"curies":[{"name":"wp","href":"https:\/\/api.w.org\/{rel}","templated":true}]}}