{"id":217370,"date":"2023-08-22T00:21:21","date_gmt":"2023-08-22T03:21:21","guid":{"rendered":"https:\/\/diarioregionaldigital.com.br\/?p=217370"},"modified":"2023-08-22T00:21:21","modified_gmt":"2023-08-22T03:21:21","slug":"prefeitura-municipal-de-descoberto-licitacao-no051-22-08-2023","status":"publish","type":"post","link":"https:\/\/diarioregionaldigital.com.br\/?p=217370","title":{"rendered":"Prefeitura Municipal de Descoberto &#8211; Licita\u00e7\u00e3o n\u00ba051 &#8211; 22\/08\/2023"},"content":{"rendered":"<p style=\"text-align: center;\"><strong>AVISO DE ADES\u00c3O A LICITA\u00c7\u00c3O &#8211; &#8220;CARONA&#8221;<\/strong><\/p>\n<p style=\"text-align: center;\"><strong>Licita\u00e7\u00e3o n\u00b0 051\/2023<\/strong><\/p>\n<p style=\"text-align: center;\"><strong>Termo de Ades\u00e3o a Licita\u00e7\u00e3o<\/strong><\/p>\n<p style=\"text-align: center;\">O Munic\u00edpio de DESCOBERTO, na forma da lei, faz saber a todos quantos o presente virem, ou dele conhecimento tiverem, que aderiu a licita\u00e7\u00e3o n\u00b0 057\/2023 promovida pelo CONSORCIO INTERMUNICIPAL DE ESPECIALIDADES &#8211; CIESP desenvolvida sob a modalidade de Preg\u00e3o n\u00b0 020 , desenvolvida sob o sistema de registro de pre\u00e7os. Por conta da referida ades\u00e3o, foi firmado o contrato n\u00b0 ATA 182\/2023 &#8211; P 057 tendo como partes o munic\u00edpio DESCOBERTO e a empresa DISTRIMAR EIRELI \u2013 ME &#8211; \u00a0R$ 2.695,00, DPNT COM\u00c9RCIO E DISTRIBUI\u00c7\u00c3O LTDA \u2013 R$1.582,50, E. NATALINO COM\u00c9RCIO LTDA \u2013 R$998,00, ENDOGERAIS EQUIPAMENTOS M\u00c9DICOS LTDA \u2013 R$580,00, IMPERIUM MED DISTRIBUIDORA LTDA \u2013 R$4.914,00, K.J.K.D MENDES DISTRIBUIDORA LTDA \u2013 R$19.165,00, LICITAFISIO COM\u00c9RCIO DE PRODUTOS M\u00c9DICOS E HOSPITALARES LTDA \u2013 R$1.805,60, SING WAY UND\u00daSTRIA E COM\u00c9RCIO LTDA \u2013 R$1.150,00, SOMAR IND\u00daSTRIA E COM\u00c9RCIO LTDA \u2013 R$2.308,00, VERDE DISTRIBUIDORA DE MEDICAMENTOS LTDA \u2013 R$4.809,00, cuja \u00edntegra se encontra arquivada e a disposi\u00e7\u00e3o para consulta. Para conhecimento de todos os interessados, expediu-se o presente que ser\u00e1 afixado no lugar de costume, publicando-se na forma da lei .DESCOBERTO, dia 21 de agosto de 2023.<\/p>\n","protected":false},"excerpt":{"rendered":"<p>AVISO DE ADES\u00c3O A LICITA\u00c7\u00c3O &#8211; &#8220;CARONA&#8221; Licita\u00e7\u00e3o n\u00b0 051\/2023 Termo de Ades\u00e3o a Licita\u00e7\u00e3o O Munic\u00edpio de DESCOBERTO, na forma da lei, faz saber a todos quantos o presente virem, ou dele conhecimento tiverem, que aderiu a licita\u00e7\u00e3o n\u00b0 057\/2023 promovida pelo CONSORCIO INTERMUNICIPAL DE ESPECIALIDADES &#8211; CIESP desenvolvida sob a modalidade de Preg\u00e3o [&hellip;]<\/p>\n","protected":false},"author":96,"featured_media":0,"comment_status":"closed","ping_status":"closed","sticky":false,"template":"","format":"standard","meta":{"footnotes":""},"categories":[307],"tags":[],"class_list":["post-217370","post","type-post","status-publish","format-standard","hentry","category-editais"],"_links":{"self":[{"href":"https:\/\/diarioregionaldigital.com.br\/index.php?rest_route=\/wp\/v2\/posts\/217370","targetHints":{"allow":["GET"]}}],"collection":[{"href":"https:\/\/diarioregionaldigital.com.br\/index.php?rest_route=\/wp\/v2\/posts"}],"about":[{"href":"https:\/\/diarioregionaldigital.com.br\/index.php?rest_route=\/wp\/v2\/types\/post"}],"author":[{"embeddable":true,"href":"https:\/\/diarioregionaldigital.com.br\/index.php?rest_route=\/wp\/v2\/users\/96"}],"replies":[{"embeddable":true,"href":"https:\/\/diarioregionaldigital.com.br\/index.php?rest_route=%2Fwp%2Fv2%2Fcomments&post=217370"}],"version-history":[{"count":1,"href":"https:\/\/diarioregionaldigital.com.br\/index.php?rest_route=\/wp\/v2\/posts\/217370\/revisions"}],"predecessor-version":[{"id":217371,"href":"https:\/\/diarioregionaldigital.com.br\/index.php?rest_route=\/wp\/v2\/posts\/217370\/revisions\/217371"}],"wp:attachment":[{"href":"https:\/\/diarioregionaldigital.com.br\/index.php?rest_route=%2Fwp%2Fv2%2Fmedia&parent=217370"}],"wp:term":[{"taxonomy":"category","embeddable":true,"href":"https:\/\/diarioregionaldigital.com.br\/index.php?rest_route=%2Fwp%2Fv2%2Fcategories&post=217370"},{"taxonomy":"post_tag","embeddable":true,"href":"https:\/\/diarioregionaldigital.com.br\/index.php?rest_route=%2Fwp%2Fv2%2Ftags&post=217370"}],"curies":[{"name":"wp","href":"https:\/\/api.w.org\/{rel}","templated":true}]}}