{"id":217354,"date":"2023-08-18T08:26:16","date_gmt":"2023-08-18T11:26:16","guid":{"rendered":"https:\/\/diarioregionaldigital.com.br\/?p=217354"},"modified":"2023-08-18T08:26:16","modified_gmt":"2023-08-18T11:26:16","slug":"cesama-da-continuidade-a-programacao-de-manutencao-preventiva-em-pocos-artesianos","status":"publish","type":"post","link":"https:\/\/diarioregionaldigital.com.br\/?p=217354","title":{"rendered":"Cesama d\u00e1 continuidade \u00e0 programa\u00e7\u00e3o de manuten\u00e7\u00e3o preventiva em po\u00e7os artesianos"},"content":{"rendered":"<p><span style=\"font-weight: 400;\">Segundo informa\u00e7\u00f5es do site da Prefeitura de Juiz de Fora (PJF), dando prosseguimento \u00e0s manuten\u00e7\u00f5es preventivas nos po\u00e7os artesianos de distritos e bairros mais afastados de Juiz de Fora, a Companhia de Saneamento Municipal (Cesama) da Prefeitura de Juiz de Fora\u00a0 (PJF) ir\u00e1 atuar na unidade do N\u00e1utico neste s\u00e1bado, 19. Os servi\u00e7os t\u00eam como objetivo atualizar a vaz\u00e3o das unidades e devem durar 24 horas, sendo que o abastecimento deve ser regularizado ao longo do dia seguinte. A companhia ir\u00e1 enviar caminh\u00f5es pipa para o fornecimento de \u00e1gua durante os trabalhos.<\/p>\n<p>No domingo, 20, segunda-feira, 21 e ter\u00e7a, 22, os tr\u00eas po\u00e7os de Igrejinha passar\u00e3o pelas manuten\u00e7\u00f5es, sendo uma unidade por dia. Na quarta-feira, 23, ser\u00e1 a vez do po\u00e7o de Caet\u00e9, finalizando a programa\u00e7\u00e3o. Em todas as situa\u00e7\u00f5es, a previs\u00e3o \u00e9 de que a \u00e1gua seja reaberta t\u00e3o logo os trabalhos sejam conclu\u00eddos.<br \/>\n<\/span><\/p>\n","protected":false},"excerpt":{"rendered":"<p>Segundo informa\u00e7\u00f5es do site da Prefeitura de Juiz de Fora (PJF), dando prosseguimento \u00e0s manuten\u00e7\u00f5es preventivas nos po\u00e7os artesianos de distritos e bairros mais afastados de Juiz de Fora, a Companhia de Saneamento Municipal (Cesama) da Prefeitura de Juiz de Fora\u00a0 (PJF) ir\u00e1 atuar na unidade do N\u00e1utico neste s\u00e1bado, 19. Os servi\u00e7os t\u00eam como [&hellip;]<\/p>\n","protected":false},"author":246,"featured_media":217355,"comment_status":"closed","ping_status":"closed","sticky":false,"template":"","format":"standard","meta":{"footnotes":""},"categories":[253,436,439],"tags":[],"class_list":["post-217354","post","type-post","status-publish","format-standard","has-post-thumbnail","hentry","category-cidade","category-destaque-da-semana","category-ultima-hora"],"_links":{"self":[{"href":"https:\/\/diarioregionaldigital.com.br\/index.php?rest_route=\/wp\/v2\/posts\/217354","targetHints":{"allow":["GET"]}}],"collection":[{"href":"https:\/\/diarioregionaldigital.com.br\/index.php?rest_route=\/wp\/v2\/posts"}],"about":[{"href":"https:\/\/diarioregionaldigital.com.br\/index.php?rest_route=\/wp\/v2\/types\/post"}],"author":[{"embeddable":true,"href":"https:\/\/diarioregionaldigital.com.br\/index.php?rest_route=\/wp\/v2\/users\/246"}],"replies":[{"embeddable":true,"href":"https:\/\/diarioregionaldigital.com.br\/index.php?rest_route=%2Fwp%2Fv2%2Fcomments&post=217354"}],"version-history":[{"count":1,"href":"https:\/\/diarioregionaldigital.com.br\/index.php?rest_route=\/wp\/v2\/posts\/217354\/revisions"}],"predecessor-version":[{"id":217356,"href":"https:\/\/diarioregionaldigital.com.br\/index.php?rest_route=\/wp\/v2\/posts\/217354\/revisions\/217356"}],"wp:featuredmedia":[{"embeddable":true,"href":"https:\/\/diarioregionaldigital.com.br\/index.php?rest_route=\/wp\/v2\/media\/217355"}],"wp:attachment":[{"href":"https:\/\/diarioregionaldigital.com.br\/index.php?rest_route=%2Fwp%2Fv2%2Fmedia&parent=217354"}],"wp:term":[{"taxonomy":"category","embeddable":true,"href":"https:\/\/diarioregionaldigital.com.br\/index.php?rest_route=%2Fwp%2Fv2%2Fcategories&post=217354"},{"taxonomy":"post_tag","embeddable":true,"href":"https:\/\/diarioregionaldigital.com.br\/index.php?rest_route=%2Fwp%2Fv2%2Ftags&post=217354"}],"curies":[{"name":"wp","href":"https:\/\/api.w.org\/{rel}","templated":true}]}}