{"id":217351,"date":"2023-08-18T08:24:24","date_gmt":"2023-08-18T11:24:24","guid":{"rendered":"https:\/\/diarioregionaldigital.com.br\/?p=217351"},"modified":"2023-08-18T08:24:24","modified_gmt":"2023-08-18T11:24:24","slug":"torneio-leiteiro-de-valadares-conta-com-esquema-especial-de-onibus","status":"publish","type":"post","link":"https:\/\/diarioregionaldigital.com.br\/?p=217351","title":{"rendered":"Torneio Leiteiro de Valadares conta com esquema especial de \u00f4nibus"},"content":{"rendered":"<p><span style=\"font-weight: 400;\">Segundo informa\u00e7\u00f5es do site da Prefeitura de Juiz de Fora (PJF), a PJF, por meio da Secretaria de Mobilidade Urbana (SMU), vai disponibilizar hor\u00e1rios extras da linha 741 (Valadares) a partir desta quinta-feira, 17, para atender as demandas de p\u00fablico para o Torneio Leiteiro de Valadares. No primeiro dia de evento, o \u00f4nibus sai do distrito em dire\u00e7\u00e3o ao Centro \u00e0s 00h30.<\/p>\n<p>J\u00e1 na sexta-feira, 18, a linha tamb\u00e9m parte do distrito \u00e0s 3h30. No s\u00e1bado, 19, o p\u00fablico contar\u00e1 com hor\u00e1rios para o Centro \u00e0s 1h50 e 3h30. No \u00faltimo dia do evento, domingo, 20, ser\u00e3o os hor\u00e1rios normais da linha 741.<\/span><\/p>\n","protected":false},"excerpt":{"rendered":"<p>Segundo informa\u00e7\u00f5es do site da Prefeitura de Juiz de Fora (PJF), a PJF, por meio da Secretaria de Mobilidade Urbana (SMU), vai disponibilizar hor\u00e1rios extras da linha 741 (Valadares) a partir desta quinta-feira, 17, para atender as demandas de p\u00fablico para o Torneio Leiteiro de Valadares. No primeiro dia de evento, o \u00f4nibus sai do [&hellip;]<\/p>\n","protected":false},"author":246,"featured_media":217352,"comment_status":"closed","ping_status":"closed","sticky":false,"template":"","format":"standard","meta":{"footnotes":""},"categories":[253,436,439],"tags":[],"class_list":["post-217351","post","type-post","status-publish","format-standard","has-post-thumbnail","hentry","category-cidade","category-destaque-da-semana","category-ultima-hora"],"_links":{"self":[{"href":"https:\/\/diarioregionaldigital.com.br\/index.php?rest_route=\/wp\/v2\/posts\/217351","targetHints":{"allow":["GET"]}}],"collection":[{"href":"https:\/\/diarioregionaldigital.com.br\/index.php?rest_route=\/wp\/v2\/posts"}],"about":[{"href":"https:\/\/diarioregionaldigital.com.br\/index.php?rest_route=\/wp\/v2\/types\/post"}],"author":[{"embeddable":true,"href":"https:\/\/diarioregionaldigital.com.br\/index.php?rest_route=\/wp\/v2\/users\/246"}],"replies":[{"embeddable":true,"href":"https:\/\/diarioregionaldigital.com.br\/index.php?rest_route=%2Fwp%2Fv2%2Fcomments&post=217351"}],"version-history":[{"count":1,"href":"https:\/\/diarioregionaldigital.com.br\/index.php?rest_route=\/wp\/v2\/posts\/217351\/revisions"}],"predecessor-version":[{"id":217353,"href":"https:\/\/diarioregionaldigital.com.br\/index.php?rest_route=\/wp\/v2\/posts\/217351\/revisions\/217353"}],"wp:featuredmedia":[{"embeddable":true,"href":"https:\/\/diarioregionaldigital.com.br\/index.php?rest_route=\/wp\/v2\/media\/217352"}],"wp:attachment":[{"href":"https:\/\/diarioregionaldigital.com.br\/index.php?rest_route=%2Fwp%2Fv2%2Fmedia&parent=217351"}],"wp:term":[{"taxonomy":"category","embeddable":true,"href":"https:\/\/diarioregionaldigital.com.br\/index.php?rest_route=%2Fwp%2Fv2%2Fcategories&post=217351"},{"taxonomy":"post_tag","embeddable":true,"href":"https:\/\/diarioregionaldigital.com.br\/index.php?rest_route=%2Fwp%2Fv2%2Ftags&post=217351"}],"curies":[{"name":"wp","href":"https:\/\/api.w.org\/{rel}","templated":true}]}}